{"id":6108,"date":"2023-12-13T09:48:00","date_gmt":"2023-12-13T08:48:00","guid":{"rendered":"https:\/\/www.infopoint.cz\/polsko\/?p=6108"},"modified":"2023-12-13T09:48:59","modified_gmt":"2023-12-13T08:48:59","slug":"nova-polska-vlada-ziskala-duveru-v-parlamentu-tusk-slibil-ze-se-zeme-vrati-na-misto-kam-v-evrope-patri","status":"publish","type":"post","link":"https:\/\/www.infopoint.cz\/polsko\/nova-polska-vlada-ziskala-duveru-v-parlamentu-tusk-slibil-ze-se-zeme-vrati-na-misto-kam-v-evrope-patri\/","title":{"rendered":"Nov\u00e1 polsk\u00e1 vl\u00e1da z\u00edskala d\u016fv\u011bru v parlamentu. Tusk sl\u00edbil, \u017ee se zem\u011b vr\u00e1t\u00ed na m\u00edsto, kam v Evrop\u011b pat\u0159\u00ed"},"content":{"rendered":"<div class=\"row row--article\">\n<div class=\"col col--main\">\n<div class=\"b-detail\">\n<header class=\"b-detail__head\">\n<blockquote>\n<p class=\"text-bold--m text-md--m text-lg\">Nov\u00e1 polsk\u00e1 vl\u00e1da veden\u00e1 Donaldem Tuskem v \u00fater\u00fd z\u00edskala d\u016fv\u011bru poslanc\u016f Sejmu, doln\u00ed komory polsk\u00e9ho parlamentu. Podpo\u0159ilo ji 248 z\u00e1konod\u00e1rc\u016f, 201 bylo proti. Tusk d\u0159\u00edve b\u011bhem dne v Sejmu \u0159ekl, \u017ee Polsko se pod veden\u00edm nov\u00e9 vl\u00e1dn\u00ed koalice vr\u00e1t\u00ed na m\u00edsto, kter\u00e9 mu v Evrop\u011b n\u00e1le\u017e\u00ed. Sl\u00edbil tak\u00e9, \u017ee jeho vl\u00e1da bude usilovat o mobilizaci Z\u00e1padu na pomoc Ukrajin\u011b \u010del\u00edc\u00ed rusk\u00e9 agresi.<\/p>\n<\/blockquote>\n<p><img decoding=\"async\" class=\"aligncenter\" src=\"https:\/\/www.irozhlas.cz\/sites\/default\/files\/styles\/zpravy_rubrikovy_nahled\/public\/uploader\/2023-12-12t210921z_3_231212-221455_har.JPG\"><\/p>\n<p>Zdroj: <a href=\"https:\/\/www.irozhlas.cz\/zpravy-svet\/polsko-nova-vlada-donald-tusk-sejm-duvera-vetsina_2312122210_har\">https:\/\/www.irozhlas.cz\/zpravy-svet\/polsko-nova-vlada-donald-tusk-sejm-duvera-vetsina_2312122210_har<\/a><\/p>\n<\/header>\n<\/div>\n<\/div>\n<\/div>\n","protected":false},"excerpt":{"rendered":"<p>Nov\u00e1 polsk\u00e1 vl\u00e1da veden\u00e1 Donaldem Tuskem v \u00fater\u00fd z\u00edskala d\u016fv\u011bru poslanc\u016f Sejmu, doln\u00ed komory polsk\u00e9ho parlamentu. Podpo\u0159ilo ji 248 z\u00e1konod\u00e1rc\u016f, 201 bylo proti. Tusk d\u0159\u00edve b\u011bhem dne v Sejmu \u0159ekl, \u017ee Polsko se pod veden\u00edm nov\u00e9 vl\u00e1dn\u00ed koalice vr\u00e1t\u00ed na m\u00edsto, kter\u00e9 mu v Evrop\u011b n\u00e1le\u017e\u00ed. Sl\u00edbil tak\u00e9, \u017ee jeho vl\u00e1da bude usilovat o mobilizaci [&hellip;]<\/p>\n","protected":false},"author":2,"featured_media":0,"comment_status":"open","ping_status":"closed","sticky":false,"template":"","format":"standard","meta":{"ngg_post_thumbnail":0,"footnotes":""},"categories":[24],"tags":[],"class_list":["post-6108","post","type-post","status-publish","format-standard","hentry","category-zajimavosti"],"_links":{"self":[{"href":"https:\/\/www.infopoint.cz\/polsko\/wp-json\/wp\/v2\/posts\/6108","targetHints":{"allow":["GET"]}}],"collection":[{"href":"https:\/\/www.infopoint.cz\/polsko\/wp-json\/wp\/v2\/posts"}],"about":[{"href":"https:\/\/www.infopoint.cz\/polsko\/wp-json\/wp\/v2\/types\/post"}],"author":[{"embeddable":true,"href":"https:\/\/www.infopoint.cz\/polsko\/wp-json\/wp\/v2\/users\/2"}],"replies":[{"embeddable":true,"href":"https:\/\/www.infopoint.cz\/polsko\/wp-json\/wp\/v2\/comments?post=6108"}],"version-history":[{"count":2,"href":"https:\/\/www.infopoint.cz\/polsko\/wp-json\/wp\/v2\/posts\/6108\/revisions"}],"predecessor-version":[{"id":6110,"href":"https:\/\/www.infopoint.cz\/polsko\/wp-json\/wp\/v2\/posts\/6108\/revisions\/6110"}],"wp:attachment":[{"href":"https:\/\/www.infopoint.cz\/polsko\/wp-json\/wp\/v2\/media?parent=6108"}],"wp:term":[{"taxonomy":"category","embeddable":true,"href":"https:\/\/www.infopoint.cz\/polsko\/wp-json\/wp\/v2\/categories?post=6108"},{"taxonomy":"post_tag","embeddable":true,"href":"https:\/\/www.infopoint.cz\/polsko\/wp-json\/wp\/v2\/tags?post=6108"}],"curies":[{"name":"wp","href":"https:\/\/api.w.org\/{rel}","templated":true}]}}