{"id":6165,"date":"2024-09-01T20:43:39","date_gmt":"2024-09-01T18:43:39","guid":{"rendered":"https:\/\/www.infopoint.cz\/polsko\/?p=6165"},"modified":"2024-09-01T20:52:50","modified_gmt":"2024-09-01T18:52:50","slug":"pred-85-lety-zacala-druha-svetova-valka-polsko-si-pripomnelo-obrance-gdansku","status":"publish","type":"post","link":"https:\/\/www.infopoint.cz\/polsko\/pred-85-lety-zacala-druha-svetova-valka-polsko-si-pripomnelo-obrance-gdansku\/","title":{"rendered":"P\u0159ed 85 lety za\u010dala druh\u00e1 sv\u011btov\u00e1 v\u00e1lka. Polsko si p\u0159ipomn\u011blo obr\u00e1nce Gda\u0148sku"},"content":{"rendered":"<div class=\"offset-lg-1 article__content\">\n<blockquote>\n<p class=\"fw-bold mb-4 mb-md-5\">P\u0159ed p\u011btaosmdes\u00e1ti lety za\u010dala druh\u00e1 sv\u011btov\u00e1 v\u00e1lka. V\u00fdro\u010d\u00ed si brzy r\u00e1no p\u0159ipomn\u011bli v polsk\u00e9m Westerplatte, kde zazn\u011bly prvn\u00ed v\u00fdst\u0159ely glob\u00e1ln\u00edho konfliktu. Proti tis\u00edc\u016fm n\u011bmeck\u00fdch voj\u00e1k\u016f a jejich technick\u00e9 p\u0159evaze se v roce 1939 br\u00e1nilo p\u0159ibli\u017en\u011b 250 Pol\u00e1k\u016f. Vydr\u017eeli t\u00fdden, ne\u017e velitel jednotky kapituloval. Pietn\u00edho aktu u pomn\u00edku obr\u00e1nc\u016f pob\u0159e\u017e\u00ed se \u00fa\u010dastnili mimo jin\u00e9 i vrcholn\u00ed p\u0159edstavitel\u00e9 polsk\u00e9 vl\u00e1dy v\u010detn\u011b premi\u00e9ra Donalda Tuska.<\/p>\n<\/blockquote>\n<\/div>\n<div class=\"text-content offset-lg-1 article__content article__content-item\">\n<p>Symbolicky za zvuku sir\u00e9n si p\u0159esn\u011b ve 4:45 r\u00e1no na Westerplatte 85. v\u00fdro\u010d\u00ed okam\u017eiku, kter\u00fd zm\u011bnil sv\u011btov\u00e9 d\u011bjiny, p\u0159ipomn\u011bla polsk\u00e1 politick\u00e1 \u0161pi\u010dka.&nbsp;V\u0161ichni politici ve sv\u00fdch projevech agresi tehdej\u0161\u00edho hitlerovsk\u00e9ho N\u011bmecka p\u0159irovn\u00e1vali k vp\u00e1du Rus\u016f na Ukrajinu p\u0159ed dv\u011bma lety. Podle mar\u0161\u00e1lka Sejmu Szymona Holowni Evropa znovu \u010del\u00ed imperialismu. \u201eZnovu n\u011bkdo chce zab\u00edrat zem\u011b, zab\u00edjet d\u011bti a ni\u010dit,\u201c prohl\u00e1sil.<\/p>\n<div class=\"panel__header\">\n<div>\n<div class=\"panel__flag\"><strong>FAKTA \u00datok N\u011bmecka proti Polsku<\/strong><\/div>\n<\/div>\n<\/div>\n<div class=\"panel__body\">\n<div class=\"panel__text\">\n<ul>\n<li>Druh\u00e1 sv\u011btov\u00e1 v\u00e1lka &#8211; nejkrvav\u011bj\u0161\u00ed ozbrojen\u00fd konflikt v\u0161ech dob &#8211; za\u010dala \u00fatokem n\u011bmeck\u00fdch jednotek na polskou pos\u00e1dku na poloostrov\u011b Westerplatte u p\u0159\u00edstavn\u00edho m\u011bsta Gda\u0148sk za \u00fasvitu 1. z\u00e1\u0159\u00ed 1939.<\/li>\n<li>P\u0159edch\u00e1zelo tomu zinscenovan\u00e9 p\u0159epaden\u00ed n\u011bmeck\u00e9ho rozhlasov\u00e9ho vys\u00edla\u010de u Gliwic. Za\u00fato\u010dilo na n\u011bj komando SS, kter\u00e9 se vyd\u00e1valo za Pol\u00e1ky.<\/li>\n<\/ul>\n<ul>\n<li>Dva dny po p\u0159epaden\u00ed Polska vyhl\u00e1sily N\u011bmecku v\u00e1lku Velk\u00e1 Brit\u00e1nie a Francie, vojenskou pomoc v\u0161ak v rozporu se smluvn\u00edmi z\u00e1vazky zoufale se br\u00e1n\u00edc\u00ed zemi neposkytly. Po\u010detn\u011b men\u0161\u00ed a h\u016f\u0159e vyzbrojen\u00e1 polsk\u00e1 arm\u00e1da tak nedok\u00e1zala \u00fatoku dlouhodob\u011b \u010delit.<\/li>\n<\/ul>\n<ul>\n<li>Polsko nav\u00edc 17. z\u00e1\u0159\u00ed napadl i Sov\u011btsk\u00fd svaz, kter\u00fd v souladu s tajn\u00fdm dodatkem paktu Molotov-Ribbentrop zabral v\u00fdchodn\u00ed \u010d\u00e1st zem\u011b.<\/li>\n<\/ul>\n<ul>\n<li>Var\u0161ava kapitulovala 28. z\u00e1\u0159\u00ed a zhruba o t\u00fdden pozd\u011bji ukon\u010dil sv\u016fj odpor i posledn\u00ed v\u011bt\u0161\u00ed polsk\u00fd bojov\u00fd svazek v poli.<\/li>\n<\/ul>\n<\/div>\n<\/div>\n<p>Zdroj: <a href=\"https:\/\/ct24.ceskatelevize.cz\/clanek\/svet\/pred-85-lety-zacala-druha-svetova-valka-polsko-si-pripomnelo-obrance-gdansku-352574\">https:\/\/ct24.ceskatelevize.cz\/clanek\/svet\/pred-85-lety-zacala-druha-svetova-valka-polsko-si-pripomnelo-obrance-gdansku-352574<\/a><\/p>\n<p><a href=\"https:\/\/cs.wikipedia.org\/wiki\/Druh%C3%A1_sv%C4%9Btov%C3%A1_v%C3%A1lka\">https:\/\/cs.wikipedia.org\/wiki\/Druh%C3%A1_sv%C4%9Btov%C3%A1_v%C3%A1lka<\/a><\/p>\n<\/div>\n","protected":false},"excerpt":{"rendered":"<p>P\u0159ed p\u011btaosmdes\u00e1ti lety za\u010dala druh\u00e1 sv\u011btov\u00e1 v\u00e1lka. V\u00fdro\u010d\u00ed si brzy r\u00e1no p\u0159ipomn\u011bli v polsk\u00e9m Westerplatte, kde zazn\u011bly prvn\u00ed v\u00fdst\u0159ely glob\u00e1ln\u00edho konfliktu. Proti tis\u00edc\u016fm n\u011bmeck\u00fdch voj\u00e1k\u016f a jejich technick\u00e9 p\u0159evaze se v roce 1939 br\u00e1nilo p\u0159ibli\u017en\u011b 250 Pol\u00e1k\u016f. Vydr\u017eeli t\u00fdden, ne\u017e velitel jednotky kapituloval. Pietn\u00edho aktu u pomn\u00edku obr\u00e1nc\u016f pob\u0159e\u017e\u00ed se \u00fa\u010dastnili mimo jin\u00e9 i vrcholn\u00ed [&hellip;]<\/p>\n","protected":false},"author":2,"featured_media":0,"comment_status":"open","ping_status":"closed","sticky":false,"template":"","format":"standard","meta":{"ngg_post_thumbnail":0,"footnotes":""},"categories":[24],"tags":[],"class_list":["post-6165","post","type-post","status-publish","format-standard","hentry","category-zajimavosti"],"_links":{"self":[{"href":"https:\/\/www.infopoint.cz\/polsko\/wp-json\/wp\/v2\/posts\/6165","targetHints":{"allow":["GET"]}}],"collection":[{"href":"https:\/\/www.infopoint.cz\/polsko\/wp-json\/wp\/v2\/posts"}],"about":[{"href":"https:\/\/www.infopoint.cz\/polsko\/wp-json\/wp\/v2\/types\/post"}],"author":[{"embeddable":true,"href":"https:\/\/www.infopoint.cz\/polsko\/wp-json\/wp\/v2\/users\/2"}],"replies":[{"embeddable":true,"href":"https:\/\/www.infopoint.cz\/polsko\/wp-json\/wp\/v2\/comments?post=6165"}],"version-history":[{"count":5,"href":"https:\/\/www.infopoint.cz\/polsko\/wp-json\/wp\/v2\/posts\/6165\/revisions"}],"predecessor-version":[{"id":6170,"href":"https:\/\/www.infopoint.cz\/polsko\/wp-json\/wp\/v2\/posts\/6165\/revisions\/6170"}],"wp:attachment":[{"href":"https:\/\/www.infopoint.cz\/polsko\/wp-json\/wp\/v2\/media?parent=6165"}],"wp:term":[{"taxonomy":"category","embeddable":true,"href":"https:\/\/www.infopoint.cz\/polsko\/wp-json\/wp\/v2\/categories?post=6165"},{"taxonomy":"post_tag","embeddable":true,"href":"https:\/\/www.infopoint.cz\/polsko\/wp-json\/wp\/v2\/tags?post=6165"}],"curies":[{"name":"wp","href":"https:\/\/api.w.org\/{rel}","templated":true}]}}