{"id":6172,"date":"2024-09-16T18:52:04","date_gmt":"2024-09-16T16:52:04","guid":{"rendered":"https:\/\/www.infopoint.cz\/polsko\/?p=6172"},"modified":"2024-09-23T18:54:13","modified_gmt":"2024-09-23T16:54:13","slug":"povodnova-vlna-se-riti-na-polskou-vratislav-v-rakousku-pretekaji-hraze","status":"publish","type":"post","link":"https:\/\/www.infopoint.cz\/polsko\/povodnova-vlna-se-riti-na-polskou-vratislav-v-rakousku-pretekaji-hraze\/","title":{"rendered":"Povod\u0148ov\u00e1 vlna se \u0159\u00edt\u00ed na polskou Vratislav, v Rakousku p\u0159et\u00e9kaj\u00ed hr\u00e1ze"},"content":{"rendered":"<div class=\"offset-lg-1 article__content\">\n<blockquote>\n<p class=\"fw-bold mb-4 mb-md-5\">Extr\u00e9mn\u00ed de\u0161t\u011b zp\u016fsobily povodn\u011b krom\u011b \u010ceska tak\u00e9 v Rakousku, Rumunsku a Polsku, kde u\u017e podle m\u00e9di\u00ed zem\u0159elo nejm\u00e9n\u011b deset lid\u00ed. Situace je kritick\u00e1 p\u0159edev\u0161\u00edm v Dolnoslezsk\u00e9m vojvodstv\u00ed na jihu Polska. Poplach vyhl\u00e1silo m\u011bsto Opole, na kulminaci Odry se p\u0159ipravuje Vratislav. Ve Var\u0161av\u011b v pond\u011bl\u00ed mimo\u0159\u00e1dn\u011b zasedla vl\u00e1da, kter\u00e1 v zasa\u017een\u00fdch lokalit\u00e1ch vyhl\u00e1sila stav \u017eiveln\u00ed katastrofy. V Doln\u00edm Rakousku se \u010dekaj\u00ed sr\u00e1\u017eky a\u017e do poloviny t\u00fddne, hroz\u00ed zhroucen\u00ed hr\u00e1z\u00ed. V regionu zem\u0159eli p\u0159i z\u00e1plav\u00e1ch patrn\u011b u\u017e \u010dty\u0159i lid\u00e9. Dopravn\u00ed probl\u00e9my hl\u00e1s\u00ed V\u00edde\u0148. Na Slovensku je nejhor\u0161\u00ed situace na Dunaji.<\/p>\n<\/blockquote>\n<\/div>\n<div class=\"text-content offset-lg-1 article__content article__content-item\">\n<p>V Polsku se nedaleko hranic s \u010ceskem o v\u00edkendu protrhla p\u0159ehrada a m\u011bsto Stronie \u015alonskie zas\u00e1hla p\u0159\u00edvalov\u00e1 vlna. B\u011bhem noci na pond\u011bl\u00ed se situace zhor\u0161ila na Pilchowick\u00e9 p\u0159ehrad\u011b, kter\u00e1 byla postavena na \u0159ece Bobr.<\/p>\n<p>Zdroj: <a href=\"https:\/\/ct24.ceskatelevize.cz\/clanek\/svet\/situace-v-polsku-je-kriticka-protrzena-prehrada-ohrozuje-tisice-lidi-353048\">https:\/\/ct24.ceskatelevize.cz\/clanek\/svet\/situace-v-polsku-je-kriticka-protrzena-prehrada-ohrozuje-tisice-lidi-353048<\/a><\/p>\n<\/div>\n","protected":false},"excerpt":{"rendered":"<p>Extr\u00e9mn\u00ed de\u0161t\u011b zp\u016fsobily povodn\u011b krom\u011b \u010ceska tak\u00e9 v Rakousku, Rumunsku a Polsku, kde u\u017e podle m\u00e9di\u00ed zem\u0159elo nejm\u00e9n\u011b deset lid\u00ed. Situace je kritick\u00e1 p\u0159edev\u0161\u00edm v Dolnoslezsk\u00e9m vojvodstv\u00ed na jihu Polska. Poplach vyhl\u00e1silo m\u011bsto Opole, na kulminaci Odry se p\u0159ipravuje Vratislav. Ve Var\u0161av\u011b v pond\u011bl\u00ed mimo\u0159\u00e1dn\u011b zasedla vl\u00e1da, kter\u00e1 v zasa\u017een\u00fdch lokalit\u00e1ch vyhl\u00e1sila stav \u017eiveln\u00ed katastrofy. [&hellip;]<\/p>\n","protected":false},"author":2,"featured_media":0,"comment_status":"open","ping_status":"closed","sticky":false,"template":"","format":"standard","meta":{"ngg_post_thumbnail":0,"footnotes":""},"categories":[24],"tags":[],"class_list":["post-6172","post","type-post","status-publish","format-standard","hentry","category-zajimavosti"],"_links":{"self":[{"href":"https:\/\/www.infopoint.cz\/polsko\/wp-json\/wp\/v2\/posts\/6172","targetHints":{"allow":["GET"]}}],"collection":[{"href":"https:\/\/www.infopoint.cz\/polsko\/wp-json\/wp\/v2\/posts"}],"about":[{"href":"https:\/\/www.infopoint.cz\/polsko\/wp-json\/wp\/v2\/types\/post"}],"author":[{"embeddable":true,"href":"https:\/\/www.infopoint.cz\/polsko\/wp-json\/wp\/v2\/users\/2"}],"replies":[{"embeddable":true,"href":"https:\/\/www.infopoint.cz\/polsko\/wp-json\/wp\/v2\/comments?post=6172"}],"version-history":[{"count":1,"href":"https:\/\/www.infopoint.cz\/polsko\/wp-json\/wp\/v2\/posts\/6172\/revisions"}],"predecessor-version":[{"id":6173,"href":"https:\/\/www.infopoint.cz\/polsko\/wp-json\/wp\/v2\/posts\/6172\/revisions\/6173"}],"wp:attachment":[{"href":"https:\/\/www.infopoint.cz\/polsko\/wp-json\/wp\/v2\/media?parent=6172"}],"wp:term":[{"taxonomy":"category","embeddable":true,"href":"https:\/\/www.infopoint.cz\/polsko\/wp-json\/wp\/v2\/categories?post=6172"},{"taxonomy":"post_tag","embeddable":true,"href":"https:\/\/www.infopoint.cz\/polsko\/wp-json\/wp\/v2\/tags?post=6172"}],"curies":[{"name":"wp","href":"https:\/\/api.w.org\/{rel}","templated":true}]}}