{"id":6188,"date":"2024-11-26T19:50:44","date_gmt":"2024-11-26T18:50:44","guid":{"rendered":"https:\/\/www.infopoint.cz\/polsko\/?p=6188"},"modified":"2024-11-26T19:51:25","modified_gmt":"2024-11-26T18:51:25","slug":"favoritem-prezidentskych-voleb-v-polsku-je-trzaskowski-ukazuji-pruzkumy","status":"publish","type":"post","link":"https:\/\/www.infopoint.cz\/polsko\/favoritem-prezidentskych-voleb-v-polsku-je-trzaskowski-ukazuji-pruzkumy\/","title":{"rendered":"Favoritem prezidentsk\u00fdch voleb v Polsku je Trzaskowski, ukazuj\u00ed pr\u016fzkumy"},"content":{"rendered":"<blockquote>\n<p class=\"text-bold--m text-md--m text-lg\">Prvn\u00ed pr\u016fzkumy po v\u00edkendov\u00e9 nominaci kandid\u00e1t\u016f do kv\u011btnov\u00fdch prezidentsk\u00fdch voleb sv\u011bd\u010d\u00ed podle polsk\u00fdch m\u00e9di\u00ed o v\u00fdrazn\u00e9 p\u0159evaze uchaze\u010de nejsiln\u011bj\u0161\u00edho vl\u00e1dn\u00edho uskupen\u00ed, Ob\u010dansk\u00e9 koalice premi\u00e9ra Donalda Tuska, var\u0161avsk\u00e9ho prim\u00e1tora Rafala Trzaskowsk\u00e9ho nad kandid\u00e1tem nejsiln\u011bj\u0161\u00ed opozi\u010dn\u00ed strany Pr\u00e1vo a spravedlnost (PiS), historikem Karolem Nawrock\u00fdm.<\/p>\n<\/blockquote>\n<header class=\"b-detail__head\">\n<p class=\"meta meta--icon\">&nbsp;<\/p>\n<figure class=\"b-detail__img\">\n<p class=\"img img--16x9\" data-text-version=\"Na\u010d\u00edst obr\u00e1zek\"><a class=\"img__holder img__holder--static\" href=\"https:\/\/www.irozhlas.cz\/fotogalerie\/9360849?fid=11537439\"> <img decoding=\"async\" src=\"https:\/\/www.irozhlas.cz\/sites\/default\/files\/styles\/zpravy_otvirak_velky\/public\/uploader\/2024-11-23t114935z_6_241126-063406_ako.JPG\" alt=\"Rafal Trzaskowski\"> <\/a><\/p><figcaption class=\"\">Rafal Trzaskowski | Foto: Kacper Pempel | Zdroj: Reuters<\/p>\n<\/figcaption><\/figure>\n<\/header>\n<p>Trzaskowski by v prvn\u00edm kole m\u011bl z\u00edskat 41 procent, Nawrocki 26 procent a na t\u0159et\u00edm m\u00edst\u011b by s 12 procenty hlas\u016f skon\u010dil Slawomir Mentzen z krajn\u011b pravicov\u00e9 Konfederace. V druh\u00e9m kole by 52 procent hlasovalo pro prim\u00e1tora a 41 procent pro historika, uvedla o v\u00fdsledc\u00edch pr\u016fzkumu spole\u010dnosti Opinia24 televize TVN 24.<\/p>\n<p>Zdroj: <a href=\"https:\/\/www.irozhlas.cz\/zpravy-svet\/polsko-prezidentske-volby-2025-rafal-trzaskowski-karol-nawrocki_2411260649_ako\">https:\/\/www.irozhlas.cz\/zpravy-svet\/polsko-prezidentske-volby-2025-rafal-trzaskowski-karol-nawrocki_2411260649_ako<\/a><\/p>\n","protected":false},"excerpt":{"rendered":"<p>Prvn\u00ed pr\u016fzkumy po v\u00edkendov\u00e9 nominaci kandid\u00e1t\u016f do kv\u011btnov\u00fdch prezidentsk\u00fdch voleb sv\u011bd\u010d\u00ed podle polsk\u00fdch m\u00e9di\u00ed o v\u00fdrazn\u00e9 p\u0159evaze uchaze\u010de nejsiln\u011bj\u0161\u00edho vl\u00e1dn\u00edho uskupen\u00ed, Ob\u010dansk\u00e9 koalice premi\u00e9ra Donalda Tuska, var\u0161avsk\u00e9ho prim\u00e1tora Rafala Trzaskowsk\u00e9ho nad kandid\u00e1tem nejsiln\u011bj\u0161\u00ed opozi\u010dn\u00ed strany Pr\u00e1vo a spravedlnost (PiS), historikem Karolem Nawrock\u00fdm. &nbsp; Rafal Trzaskowski | Foto: Kacper Pempel | Zdroj: Reuters Trzaskowski by v [&hellip;]<\/p>\n","protected":false},"author":2,"featured_media":0,"comment_status":"closed","ping_status":"closed","sticky":false,"template":"","format":"standard","meta":{"ngg_post_thumbnail":0,"footnotes":""},"categories":[24],"tags":[],"class_list":["post-6188","post","type-post","status-publish","format-standard","hentry","category-zajimavosti"],"_links":{"self":[{"href":"https:\/\/www.infopoint.cz\/polsko\/wp-json\/wp\/v2\/posts\/6188","targetHints":{"allow":["GET"]}}],"collection":[{"href":"https:\/\/www.infopoint.cz\/polsko\/wp-json\/wp\/v2\/posts"}],"about":[{"href":"https:\/\/www.infopoint.cz\/polsko\/wp-json\/wp\/v2\/types\/post"}],"author":[{"embeddable":true,"href":"https:\/\/www.infopoint.cz\/polsko\/wp-json\/wp\/v2\/users\/2"}],"replies":[{"embeddable":true,"href":"https:\/\/www.infopoint.cz\/polsko\/wp-json\/wp\/v2\/comments?post=6188"}],"version-history":[{"count":2,"href":"https:\/\/www.infopoint.cz\/polsko\/wp-json\/wp\/v2\/posts\/6188\/revisions"}],"predecessor-version":[{"id":6190,"href":"https:\/\/www.infopoint.cz\/polsko\/wp-json\/wp\/v2\/posts\/6188\/revisions\/6190"}],"wp:attachment":[{"href":"https:\/\/www.infopoint.cz\/polsko\/wp-json\/wp\/v2\/media?parent=6188"}],"wp:term":[{"taxonomy":"category","embeddable":true,"href":"https:\/\/www.infopoint.cz\/polsko\/wp-json\/wp\/v2\/categories?post=6188"},{"taxonomy":"post_tag","embeddable":true,"href":"https:\/\/www.infopoint.cz\/polsko\/wp-json\/wp\/v2\/tags?post=6188"}],"curies":[{"name":"wp","href":"https:\/\/api.w.org\/{rel}","templated":true}]}}