{"id":6194,"date":"2024-12-30T11:14:48","date_gmt":"2024-12-30T10:14:48","guid":{"rendered":"https:\/\/www.infopoint.cz\/polsko\/?p=6194"},"modified":"2024-12-31T11:17:05","modified_gmt":"2024-12-31T10:17:05","slug":"mnoho-se-zmenilo-co-pripravuji-polaci-ve-vedeni-eu","status":"publish","type":"post","link":"https:\/\/www.infopoint.cz\/polsko\/mnoho-se-zmenilo-co-pripravuji-polaci-ve-vedeni-eu\/","title":{"rendered":"\u201eMnoho se zm\u011bnilo.\u201c Co p\u0159ipravuj\u00ed Pol\u00e1ci ve veden\u00ed EU?"},"content":{"rendered":"<div class=\"offset-lg-1 article__content\">\n<blockquote>\n<p class=\"fw-bold mb-4 mb-md-5\">Polsko od ledna p\u0159eb\u00edr\u00e1 od Ma\u010farska p\u0159edsednictv\u00ed Rady Evropsk\u00e9 unie. Polsk\u00fd premi\u00e9r Donald Tusk prohl\u00e1sil, \u017ee jejich p\u0159edsednictv\u00ed bude ve znamen\u00ed \u0161iroce pojat\u00e9 bezpe\u010dnosti. Tak\u00e9 m\u00edn\u00ed, \u017ee sedmadvac\u00edtku mo\u017en\u00e1 \u010dek\u00e1 p\u0159elom ve v\u00e1lce na Ukrajin\u011b. Zat\u00edmco Ma\u010farsko, od n\u011bho\u017e Pol\u00e1ci p\u0159edsednictv\u00ed p\u0159eb\u00edraj\u00ed, se do\u010dkalo jist\u00e9 izolace, Var\u0161ava m\u016f\u017ee b\u00fdt v n\u011bkter\u00fdch agend\u00e1ch l\u00eddrem.<\/p>\n<\/blockquote>\n<\/div>\n<div class=\"text-content offset-lg-1 article__content article__content-item\">\n<p>\u0160estim\u011bs\u00ed\u010dn\u00ed program polsk\u00e9ho veden\u00ed poznamen\u00e1 p\u0159\u00edchod nov\u00fdch komisa\u0159\u016f i n\u00e1vrat Donalda Trumpa do B\u00edl\u00e9ho domu, stejn\u011b jako t\u0159\u00edlet\u00e9 v\u00fdro\u010d\u00ed plnohodnotn\u00e9 rusk\u00e9 invaze na Ukrajinu. Mo\u017en\u00e1 i proto Tusk na za\u010d\u00e1tku prosince \u0159ekl, \u017ee Evropa mus\u00ed b\u00fdt v\u00edc \u201eegoistick\u00e1\u201c v dob\u011b, kdy \u010del\u00ed nebezpe\u010d\u00ed i konkurenci zven\u010d\u00ed. Prok\u00e1zat by tak pr\u00fd m\u011bla vnit\u0159n\u00ed solidaritu.<\/p>\n<p>Zdroj:<a href=\"https:\/\/ct24.ceskatelevize.cz\/clanek\/svet\/mnoho-se-zmenilo-co-pripravuji-polaci-ve-vedeni-eu-356673\"> https:\/\/ct24.ceskatelevize.cz\/clanek\/svet\/mnoho-se-zmenilo-co-pripravuji-polaci-ve-vedeni-eu-356673<\/a><\/p>\n<\/div>\n","protected":false},"excerpt":{"rendered":"<p>Polsko od ledna p\u0159eb\u00edr\u00e1 od Ma\u010farska p\u0159edsednictv\u00ed Rady Evropsk\u00e9 unie. Polsk\u00fd premi\u00e9r Donald Tusk prohl\u00e1sil, \u017ee jejich p\u0159edsednictv\u00ed bude ve znamen\u00ed \u0161iroce pojat\u00e9 bezpe\u010dnosti. Tak\u00e9 m\u00edn\u00ed, \u017ee sedmadvac\u00edtku mo\u017en\u00e1 \u010dek\u00e1 p\u0159elom ve v\u00e1lce na Ukrajin\u011b. Zat\u00edmco Ma\u010farsko, od n\u011bho\u017e Pol\u00e1ci p\u0159edsednictv\u00ed p\u0159eb\u00edraj\u00ed, se do\u010dkalo jist\u00e9 izolace, Var\u0161ava m\u016f\u017ee b\u00fdt v n\u011bkter\u00fdch agend\u00e1ch l\u00eddrem. \u0160estim\u011bs\u00ed\u010dn\u00ed program [&hellip;]<\/p>\n","protected":false},"author":2,"featured_media":0,"comment_status":"closed","ping_status":"closed","sticky":false,"template":"","format":"standard","meta":{"ngg_post_thumbnail":0,"footnotes":""},"categories":[24],"tags":[],"class_list":["post-6194","post","type-post","status-publish","format-standard","hentry","category-zajimavosti"],"_links":{"self":[{"href":"https:\/\/www.infopoint.cz\/polsko\/wp-json\/wp\/v2\/posts\/6194","targetHints":{"allow":["GET"]}}],"collection":[{"href":"https:\/\/www.infopoint.cz\/polsko\/wp-json\/wp\/v2\/posts"}],"about":[{"href":"https:\/\/www.infopoint.cz\/polsko\/wp-json\/wp\/v2\/types\/post"}],"author":[{"embeddable":true,"href":"https:\/\/www.infopoint.cz\/polsko\/wp-json\/wp\/v2\/users\/2"}],"replies":[{"embeddable":true,"href":"https:\/\/www.infopoint.cz\/polsko\/wp-json\/wp\/v2\/comments?post=6194"}],"version-history":[{"count":1,"href":"https:\/\/www.infopoint.cz\/polsko\/wp-json\/wp\/v2\/posts\/6194\/revisions"}],"predecessor-version":[{"id":6195,"href":"https:\/\/www.infopoint.cz\/polsko\/wp-json\/wp\/v2\/posts\/6194\/revisions\/6195"}],"wp:attachment":[{"href":"https:\/\/www.infopoint.cz\/polsko\/wp-json\/wp\/v2\/media?parent=6194"}],"wp:term":[{"taxonomy":"category","embeddable":true,"href":"https:\/\/www.infopoint.cz\/polsko\/wp-json\/wp\/v2\/categories?post=6194"},{"taxonomy":"post_tag","embeddable":true,"href":"https:\/\/www.infopoint.cz\/polsko\/wp-json\/wp\/v2\/tags?post=6194"}],"curies":[{"name":"wp","href":"https:\/\/api.w.org\/{rel}","templated":true}]}}