{"id":6197,"date":"2025-02-02T16:36:17","date_gmt":"2025-02-02T15:36:17","guid":{"rendered":"https:\/\/www.infopoint.cz\/polsko\/?p=6197"},"modified":"2025-02-05T16:36:40","modified_gmt":"2025-02-05T15:36:40","slug":"polsko-celi-kriticky-nizke-porodnosti-mladym-parum-vadi-zivotni-podminky-a-tamni-postoj-k-interrupci","status":"publish","type":"post","link":"https:\/\/www.infopoint.cz\/polsko\/polsko-celi-kriticky-nizke-porodnosti-mladym-parum-vadi-zivotni-podminky-a-tamni-postoj-k-interrupci\/","title":{"rendered":"Polsko \u010del\u00ed kriticky n\u00edzk\u00e9 porodnosti. Mlad\u00fdm p\u00e1r\u016fm vad\u00ed \u017eivotn\u00ed podm\u00ednky a tamn\u00ed postoj k interrupci"},"content":{"rendered":"<div class=\"row row--article\">\n<div class=\"col col--main\">\n<div class=\"b-detail\">\n<header class=\"b-detail__head\">\n<blockquote>\n<p class=\"text-bold--m text-md--m text-lg\">V Polsku se loni narodilo nejm\u00e9n\u011b d\u011bt\u00ed za posledn\u00edch 80 let. Port\u00e1l Forsal dokonce napsal, \u017ee v posledn\u00edch m\u011bs\u00edc\u00edch p\u0159i\u0161lo na sv\u011bt m\u00e9n\u011b d\u011bt\u00ed ne\u017e za n\u011bmeck\u00e9 okupace za druh\u00e9 sv\u011btov\u00e9 v\u00e1lky. Po\u010det d\u011bt\u00ed na \u017eenu se tam p\u0159ibli\u017euje krizov\u00e9mu \u010d\u00edslu jedna. Podle polsk\u00e9ho statistick\u00e9ho \u00fa\u0159adu se loni v Polsku narodilo 252 tis\u00edc d\u011bt\u00ed, co\u017e je je\u0161t\u011b o dvacet tis\u00edc d\u011bt\u00ed m\u00e9n\u011b ne\u017e v roce 2023. To u\u017e byl s\u00e1m o sob\u011b rok, kter\u00fd byl pova\u017eovan\u00fd za kritick\u00fd.<\/p>\n<\/blockquote>\n<p>Hodnota porodnosti je aktu\u00e1ln\u011b asi na 1,12 d\u00edt\u011bte na \u017eenu. Probl\u00e9m je i st\u00e1rnut\u00ed, lid\u00e9 star\u0161\u00ed 80 let u\u017e toti\u017e tvo\u0159\u00ed p\u011bt procent polsk\u00e9 populace. Je\u0161t\u011b v roce 2010 to byla t\u0159i procenta.<\/p>\n<p>Probl\u00e9m tak\u00e9 je, \u017ee um\u00edr\u00e1 v\u00edce lid\u00ed, ne\u017e se rod\u00ed \u2013 a to u\u017e dvan\u00e1ct\u00fd rok v \u0159ad\u011b. Loni zem\u0159elo 409 tis\u00edc lid\u00ed, tedy prakticky stejn\u00fd po\u010det lid\u00ed jako v roce 2023. Tak\u017ee se p\u0159irozen\u011b sni\u017euje po\u010det obyvatel Polska.<\/p>\n<p>Zdroj: <a href=\"https:\/\/www.irozhlas.cz\/zivotni-styl\/spolecnost\/polsko-celi-kriticky-nizke-porodnosti-mladym-parum-vadi-zivotni-podminky-a-tamni_2502021931_jar\">https:\/\/www.irozhlas.cz\/zivotni-styl\/spolecnost\/polsko-celi-kriticky-nizke-porodnosti-mladym-parum-vadi-zivotni-podminky-a-tamni_2502021931_jar<\/a><\/p>\n<\/header>\n<\/div>\n<\/div>\n<\/div>\n","protected":false},"excerpt":{"rendered":"<p>V Polsku se loni narodilo nejm\u00e9n\u011b d\u011bt\u00ed za posledn\u00edch 80 let. Port\u00e1l Forsal dokonce napsal, \u017ee v posledn\u00edch m\u011bs\u00edc\u00edch p\u0159i\u0161lo na sv\u011bt m\u00e9n\u011b d\u011bt\u00ed ne\u017e za n\u011bmeck\u00e9 okupace za druh\u00e9 sv\u011btov\u00e9 v\u00e1lky. Po\u010det d\u011bt\u00ed na \u017eenu se tam p\u0159ibli\u017euje krizov\u00e9mu \u010d\u00edslu jedna. Podle polsk\u00e9ho statistick\u00e9ho \u00fa\u0159adu se loni v Polsku narodilo 252 tis\u00edc d\u011bt\u00ed, co\u017e [&hellip;]<\/p>\n","protected":false},"author":2,"featured_media":0,"comment_status":"closed","ping_status":"closed","sticky":false,"template":"","format":"standard","meta":{"ngg_post_thumbnail":0,"footnotes":""},"categories":[24],"tags":[],"class_list":["post-6197","post","type-post","status-publish","format-standard","hentry","category-zajimavosti"],"_links":{"self":[{"href":"https:\/\/www.infopoint.cz\/polsko\/wp-json\/wp\/v2\/posts\/6197","targetHints":{"allow":["GET"]}}],"collection":[{"href":"https:\/\/www.infopoint.cz\/polsko\/wp-json\/wp\/v2\/posts"}],"about":[{"href":"https:\/\/www.infopoint.cz\/polsko\/wp-json\/wp\/v2\/types\/post"}],"author":[{"embeddable":true,"href":"https:\/\/www.infopoint.cz\/polsko\/wp-json\/wp\/v2\/users\/2"}],"replies":[{"embeddable":true,"href":"https:\/\/www.infopoint.cz\/polsko\/wp-json\/wp\/v2\/comments?post=6197"}],"version-history":[{"count":1,"href":"https:\/\/www.infopoint.cz\/polsko\/wp-json\/wp\/v2\/posts\/6197\/revisions"}],"predecessor-version":[{"id":6198,"href":"https:\/\/www.infopoint.cz\/polsko\/wp-json\/wp\/v2\/posts\/6197\/revisions\/6198"}],"wp:attachment":[{"href":"https:\/\/www.infopoint.cz\/polsko\/wp-json\/wp\/v2\/media?parent=6197"}],"wp:term":[{"taxonomy":"category","embeddable":true,"href":"https:\/\/www.infopoint.cz\/polsko\/wp-json\/wp\/v2\/categories?post=6197"},{"taxonomy":"post_tag","embeddable":true,"href":"https:\/\/www.infopoint.cz\/polsko\/wp-json\/wp\/v2\/tags?post=6197"}],"curies":[{"name":"wp","href":"https:\/\/api.w.org\/{rel}","templated":true}]}}