{"id":6207,"date":"2025-03-12T11:41:21","date_gmt":"2025-03-12T10:41:21","guid":{"rendered":"https:\/\/www.infopoint.cz\/polsko\/?p=6207"},"modified":"2025-03-12T11:44:10","modified_gmt":"2025-03-12T10:44:10","slug":"polska-armada-nasadi-umelou-inteligenci-pridat-se-pry-musi-i-dalsi-zeme","status":"publish","type":"post","link":"https:\/\/www.infopoint.cz\/polsko\/polska-armada-nasadi-umelou-inteligenci-pridat-se-pry-musi-i-dalsi-zeme\/","title":{"rendered":"Polsk\u00e1 arm\u00e1da nasad\u00ed um\u011blou inteligenci: p\u0159idat se pr\u00fd mus\u00ed i dal\u0161\u00ed zem\u011b"},"content":{"rendered":"<div class=\"flex flex-col gap-4\">\n<blockquote>\n<p class=\"font-semibold\">Polsko pl\u00e1nuje do roku 2039 pln\u011b vybavit svou arm\u00e1du technologiemi um\u011bl\u00e9 inteligence. Ji\u017e nyn\u00ed pro to pod hlavi\u010dkou ministerstva obrany (MON) vznik\u00e1 nov\u00e1 skupina nazvan\u00e1 Centrum pro uplatn\u011bn\u00ed um\u011bl\u00e9 inteligence.<\/p>\n<\/blockquote>\n<p>Um\u011bl\u00e1 inteligence bude podle Pol\u00e1k\u016f hr\u00e1t kl\u00ed\u010dovou roli i v segmentu vojenstv\u00ed a obrany. N\u011bkter\u00e9 studie ji\u017e nyn\u00ed hovo\u0159\u00ed o tom, \u017ee AI m\u016f\u017ee b\u00fdt vyu\u017e\u00edv\u00e1na pro lep\u0161\u00ed fixov\u00e1n\u00ed c\u00edl\u016f a pro r\u016fzn\u00e9 progn\u00f3zy toho, jak jednotliv\u00e9 kroky ovlivn\u00ed dal\u0161\u00ed d\u011bn\u00ed na boji\u0161ti.<\/p>\n<p>Evropsk\u00fd v\u00fdvoj AI pro pot\u0159eby voj\u00e1k\u016f je p\u0159itom skute\u010dn\u011b na za\u010d\u00e1tku a Pol\u00e1ci mohou b\u00fdt pr\u016fkopn\u00edky. Do budoucna se nab\u00edz\u00ed i \u0161ir\u0161\u00ed integrace do samotn\u00fdch bojov\u00fdch syst\u00e9m\u016f. S t\u00edm ji\u017e <a href=\"https:\/\/www.chip.cz\/americka-armada-testuje-roboty-s-umelou-inteligenci-do-boje-pujdou-uz-za-6-let\">experimentuje arm\u00e1da USA<\/a>, kter\u00e1 chce pomoc\u00ed AI provozovat pozemn\u00ed i leteck\u00e9 drony, do budoucna se hovo\u0159\u00ed tak\u00e9 o nasazen\u00ed komplexn\u011bj\u0161\u00edch robot\u016f; op\u011bt poh\u00e1n\u011bn\u00fdch um\u011blou inteligenc\u00ed.<\/p>\n<p>Ministr obrany Wladyslaw Kosiniak-Kamysz prohl\u00e1sil, \u017ee do p\u00e1r let nejsp\u00ed\u0161 nebude mo\u017en\u00e9, aby arm\u00e1da fungovala bez um\u011bl\u00e9 inteligence, proto\u017ee to bude p\u0159edstavovat v\u00fdznamnou nev\u00fdhodu na boji\u0161ti. Nazna\u010dil t\u00edm, \u017ee k rozhodnut\u00ed Polska nasadit AI by se brzy m\u011bly p\u0159ipojit i dal\u0161\u00ed zem\u011b, pokud cht\u011bj\u00ed z\u016fstat konkurenceschopn\u00e9.<\/p>\n<\/div>\n<p>Zdroj: <a href=\"https:\/\/www.chip.cz\/polska-armada-nasadi-umelou-inteligenci-pridat-se-pry-musi-i-dalsi-zeme\">https:\/\/www.chip.cz\/polska-armada-nasadi-umelou-inteligenci-pridat-se-pry-musi-i-dalsi-zeme<\/a><\/p>\n<p><a href=\"https:\/\/defence24.pl\/polityka-obronna\/szef-mon-nie-da-sie-za-darmo-uchronic-polski-przed-wojna\">https:\/\/defence24.pl\/polityka-obronna\/szef-mon-nie-da-sie-za-darmo-uchronic-polski-przed-wojna<\/a><\/p>\n","protected":false},"excerpt":{"rendered":"<p>Polsko pl\u00e1nuje do roku 2039 pln\u011b vybavit svou arm\u00e1du technologiemi um\u011bl\u00e9 inteligence. Ji\u017e nyn\u00ed pro to pod hlavi\u010dkou ministerstva obrany (MON) vznik\u00e1 nov\u00e1 skupina nazvan\u00e1 Centrum pro uplatn\u011bn\u00ed um\u011bl\u00e9 inteligence. Um\u011bl\u00e1 inteligence bude podle Pol\u00e1k\u016f hr\u00e1t kl\u00ed\u010dovou roli i v segmentu vojenstv\u00ed a obrany. N\u011bkter\u00e9 studie ji\u017e nyn\u00ed hovo\u0159\u00ed o tom, \u017ee AI m\u016f\u017ee b\u00fdt [&hellip;]<\/p>\n","protected":false},"author":2,"featured_media":0,"comment_status":"closed","ping_status":"closed","sticky":false,"template":"","format":"standard","meta":{"ngg_post_thumbnail":0,"footnotes":""},"categories":[24],"tags":[],"class_list":["post-6207","post","type-post","status-publish","format-standard","hentry","category-zajimavosti"],"_links":{"self":[{"href":"https:\/\/www.infopoint.cz\/polsko\/wp-json\/wp\/v2\/posts\/6207","targetHints":{"allow":["GET"]}}],"collection":[{"href":"https:\/\/www.infopoint.cz\/polsko\/wp-json\/wp\/v2\/posts"}],"about":[{"href":"https:\/\/www.infopoint.cz\/polsko\/wp-json\/wp\/v2\/types\/post"}],"author":[{"embeddable":true,"href":"https:\/\/www.infopoint.cz\/polsko\/wp-json\/wp\/v2\/users\/2"}],"replies":[{"embeddable":true,"href":"https:\/\/www.infopoint.cz\/polsko\/wp-json\/wp\/v2\/comments?post=6207"}],"version-history":[{"count":3,"href":"https:\/\/www.infopoint.cz\/polsko\/wp-json\/wp\/v2\/posts\/6207\/revisions"}],"predecessor-version":[{"id":6211,"href":"https:\/\/www.infopoint.cz\/polsko\/wp-json\/wp\/v2\/posts\/6207\/revisions\/6211"}],"wp:attachment":[{"href":"https:\/\/www.infopoint.cz\/polsko\/wp-json\/wp\/v2\/media?parent=6207"}],"wp:term":[{"taxonomy":"category","embeddable":true,"href":"https:\/\/www.infopoint.cz\/polsko\/wp-json\/wp\/v2\/categories?post=6207"},{"taxonomy":"post_tag","embeddable":true,"href":"https:\/\/www.infopoint.cz\/polsko\/wp-json\/wp\/v2\/tags?post=6207"}],"curies":[{"name":"wp","href":"https:\/\/api.w.org\/{rel}","templated":true}]}}