{"id":6215,"date":"2025-05-19T11:54:36","date_gmt":"2025-05-19T09:54:36","guid":{"rendered":"https:\/\/www.infopoint.cz\/polsko\/?p=6215"},"modified":"2025-05-19T11:54:54","modified_gmt":"2025-05-19T09:54:54","slug":"prvni-kolo-prezidentskych-voleb-v-polsku-skoncilo-remizou-trzaskowskeho-a-nawrockeho","status":"publish","type":"post","link":"https:\/\/www.infopoint.cz\/polsko\/prvni-kolo-prezidentskych-voleb-v-polsku-skoncilo-remizou-trzaskowskeho-a-nawrockeho\/","title":{"rendered":"Prvn\u00ed kolo prezidentsk\u00fdch voleb v Polsku: skon\u010dilo rem\u00edzou Trzaskowsk\u00e9ho a Nawrock\u00e9ho"},"content":{"rendered":"<blockquote><p>Ned\u011bln\u00ed prvn\u00ed kolo prezidentsk\u00fdch voleb v Polsku vyhr\u00e1l kandid\u00e1t vl\u00e1dnouc\u00ed proevropsk\u00e9 Ob\u010dansk\u00e9 koalice Rafal Trzaskowski, kter\u00fd z\u00edskal 31,36 procenta hlas\u016f. \u00dapln\u00e9 v\u00fdsledky zve\u0159ejnila st\u00e1tn\u00ed volebn\u00ed komise. Ve druh\u00e9m kole voleb se Trzaskowski 1. \u010dervna utk\u00e1 s Karolem Nawrock\u00fdm, kandid\u00e1tem podporovan\u00fdm opozi\u010dn\u00ed n\u00e1rodn\u011bkonzervativn\u00ed stranou Pr\u00e1vo a spravedlnost. Nawrocki dostal 29,54 procenta hlas\u016f.<\/p><\/blockquote>\n<p>Druh\u00e9 kolo prezidentsk\u00fdch voleb se mus\u00ed konat tehdy, kdy\u017e \u017e\u00e1dn\u00fd kandid\u00e1t v prvn\u00edm kole nez\u00edsk\u00e1 nadpolovi\u010dn\u00ed v\u011bt\u0161inu hlas\u016f.<\/p>\n<p>T\u0159et\u00ed m\u00edsto v ned\u011bln\u00edm hlasov\u00e1n\u00ed obsadil krajn\u011b pravicov\u00fd kandid\u00e1t, vyznava\u010d libertarianismu Slawomir Mentzen, kter\u00e9ho podpo\u0159ilo 14,8 procenta voli\u010d\u016f. \u010ctvrt\u00e1 pozice pat\u0159\u00ed kontroverzn\u00edmu ultranacionalistovi Grzegorzi Braunovi, jemu\u017e dalo hlas 6,34 procenta lid\u00ed.<\/p>\n<p>Zdroj: <a href=\"https:\/\/www.irozhlas.cz\/zpravy-svet\/polsko-volby-trzaskowski-nawrocki_2505182118_ula\">https:\/\/www.irozhlas.cz\/zpravy-svet\/polsko-volby-trzaskowski-nawrocki_2505182118_ula<\/a><\/p>\n","protected":false},"excerpt":{"rendered":"<p>Ned\u011bln\u00ed prvn\u00ed kolo prezidentsk\u00fdch voleb v Polsku vyhr\u00e1l kandid\u00e1t vl\u00e1dnouc\u00ed proevropsk\u00e9 Ob\u010dansk\u00e9 koalice Rafal Trzaskowski, kter\u00fd z\u00edskal 31,36 procenta hlas\u016f. \u00dapln\u00e9 v\u00fdsledky zve\u0159ejnila st\u00e1tn\u00ed volebn\u00ed komise. Ve druh\u00e9m kole voleb se Trzaskowski 1. \u010dervna utk\u00e1 s Karolem Nawrock\u00fdm, kandid\u00e1tem podporovan\u00fdm opozi\u010dn\u00ed n\u00e1rodn\u011bkonzervativn\u00ed stranou Pr\u00e1vo a spravedlnost. Nawrocki dostal 29,54 procenta hlas\u016f. Druh\u00e9 kolo prezidentsk\u00fdch voleb [&hellip;]<\/p>\n","protected":false},"author":2,"featured_media":0,"comment_status":"closed","ping_status":"closed","sticky":false,"template":"","format":"standard","meta":{"ngg_post_thumbnail":0,"footnotes":""},"categories":[24],"tags":[],"class_list":["post-6215","post","type-post","status-publish","format-standard","hentry","category-zajimavosti"],"_links":{"self":[{"href":"https:\/\/www.infopoint.cz\/polsko\/wp-json\/wp\/v2\/posts\/6215","targetHints":{"allow":["GET"]}}],"collection":[{"href":"https:\/\/www.infopoint.cz\/polsko\/wp-json\/wp\/v2\/posts"}],"about":[{"href":"https:\/\/www.infopoint.cz\/polsko\/wp-json\/wp\/v2\/types\/post"}],"author":[{"embeddable":true,"href":"https:\/\/www.infopoint.cz\/polsko\/wp-json\/wp\/v2\/users\/2"}],"replies":[{"embeddable":true,"href":"https:\/\/www.infopoint.cz\/polsko\/wp-json\/wp\/v2\/comments?post=6215"}],"version-history":[{"count":2,"href":"https:\/\/www.infopoint.cz\/polsko\/wp-json\/wp\/v2\/posts\/6215\/revisions"}],"predecessor-version":[{"id":6217,"href":"https:\/\/www.infopoint.cz\/polsko\/wp-json\/wp\/v2\/posts\/6215\/revisions\/6217"}],"wp:attachment":[{"href":"https:\/\/www.infopoint.cz\/polsko\/wp-json\/wp\/v2\/media?parent=6215"}],"wp:term":[{"taxonomy":"category","embeddable":true,"href":"https:\/\/www.infopoint.cz\/polsko\/wp-json\/wp\/v2\/categories?post=6215"},{"taxonomy":"post_tag","embeddable":true,"href":"https:\/\/www.infopoint.cz\/polsko\/wp-json\/wp\/v2\/tags?post=6215"}],"curies":[{"name":"wp","href":"https:\/\/api.w.org\/{rel}","templated":true}]}}