{"id":6245,"date":"2025-06-02T06:29:38","date_gmt":"2025-06-02T04:29:38","guid":{"rendered":"https:\/\/www.infopoint.cz\/polsko\/?p=6245"},"modified":"2025-06-02T20:31:12","modified_gmt":"2025-06-02T18:31:12","slug":"polske-prezidentske-volby-vyhral-nawrocki-ze-strany-pravo-a-spravedlnost-ziskal-509-procenta-hlasu","status":"publish","type":"post","link":"https:\/\/www.infopoint.cz\/polsko\/polske-prezidentske-volby-vyhral-nawrocki-ze-strany-pravo-a-spravedlnost-ziskal-509-procenta-hlasu\/","title":{"rendered":"Polsk\u00e9 prezidentsk\u00e9 volby vyhr\u00e1l Nawrocki ze strany Pr\u00e1vo a spravedlnost. Z\u00edskal 50,9 procenta hlas\u016f"},"content":{"rendered":"<blockquote>\n<p class=\"text-bold--m text-md--m text-lg\">Prezidentsk\u00e9 volby v Polsku vyhr\u00e1l kandid\u00e1t opozi\u010dn\u00ed strany Pr\u00e1vo a spravedlnost (PiS) Karol Nawrocki. V ned\u011bln\u00edm druh\u00e9m kole volby z\u00edskal 50,9 procenta hlas\u016f, p\u00ed\u0161ou v pond\u011bl\u00ed r\u00e1no polsk\u00e1 m\u00e9dia po se\u010dten\u00ed 100 procent okrsk\u016f. Kandid\u00e1t vl\u00e1dn\u00ed Ob\u010dansk\u00e9 koalice Rafal Trzaskowski m\u00e1 49,1 procenta hlas\u016f.<\/p>\n<\/blockquote>\n<header class=\"b-detail__head\">\n<figure class=\"b-detail__img\">\n<p class=\"img img--16x9\" data-text-version=\"Na\u010d\u00edst obr\u00e1zek\"><a class=\"img__holder img__holder--static\" href=\"https:\/\/www.irozhlas.cz\/fotogalerie\/9486043?fid=11790916\"><img decoding=\"async\" src=\"https:\/\/www.irozhlas.cz\/sites\/default\/files\/styles\/zpravy_otvirak_velky\/public\/uploader\/2025-06-01t195111z_9_250602-061223_jar.JPG\" alt=\"Polsk\u00fd prezidentsk\u00fd kandid\u00e1t Karol Nawrocki ze strany Pr\u00e1vo a spravedlnost (PiS) reaguje na v\u00fdsledky exit poll\u016f druh\u00e9ho kola prezidentsk\u00fdch voleb ve Var\u0161av\u011b Polsko, 1. \u010dervna 2025\"> <\/a><\/p><figcaption class=\"\">Polsk\u00fd prezidentsk\u00fd kandid\u00e1t Karol Nawrocki ze strany Pr\u00e1vo a spravedlnost (PiS) reaguje na v\u00fdsledky exit poll\u016f druh\u00e9ho kola prezidentsk\u00fdch voleb ve Var\u0161av\u011b Polsko, 1. \u010dervna 2025 | Foto: Aleksandra Szmigiel | Zdroj: Reuters<\/figcaption><\/figure>\n<\/header>\n<p>&nbsp;<\/p>\n<p>Zdroj: <a href=\"https:\/\/www.irozhlas.cz\/zpravy-svet\/polske-prezidentske-volby-vyhral-nawrocki-ze-strany-pravo-a-spravedlnost-ziskal_2506020629_jar\">https:\/\/www.irozhlas.cz\/zpravy-svet\/polske-prezidentske-volby-vyhral-nawrocki-ze-strany-pravo-a-spravedlnost-ziskal_2506020629_jar<\/a><\/p>\n<p>&nbsp;<\/p>\n<h1 class=\"m-0 font-bold text-3xl sm:text-4xl leading-10 sm:leading-[48px] \">Kdo je Karol Nawrocki: Nacion\u00e1ln\u00ed katol\u00edk, kter\u00fd chce m\u00e9n\u011b Bruselu a v\u00edce Trumpa<\/h1>\n<div class=\"lightbox cursor-pointer js-lightbox js-Lightbox-ready\">\n<div class=\"lightbox__overlay\">\n<div class=\"lightbox__wrap js-lightbox-wrap\">\n<p><img loading=\"lazy\" decoding=\"async\" class=\"object-center mx-auto max-h-screen bg-grey-1 object-cover w-full\" title=\"Karol Nawrocki\" src=\"https:\/\/g.denik.cz\/1\/ad\/karol-nawrocki-01_denik-630-16x9.jpg\" srcset=\"https:\/\/g.denik.cz\/1\/ad\/karol-nawrocki-01_denik-630-16x9.jpg 1x, https:\/\/g.denik.cz\/1\/ad\/karol-nawrocki-01_denik-630-16x9@2x.jpg 2x\" alt=\"Karol Nawrocki\" width=\"630\" height=\"354\"><\/p>\n<div class=\"lightbox__row\">\n<div class=\"lightbox__source\">\n<div class=\"lightbox__info\"><i class=\"icon lightbox__icon\">info zoom_in <\/i>Karol Nawrocki<\/div>\n<div>&nbsp;<\/div>\n<\/div>\n<\/div>\n<\/div>\n<\/div>\n<\/div>\n<div class=\"flex flex-col gap-4 max-w-[630px] mb-4\">\n<div class=\"badge__group badge__group--dots\"><a class=\"badge badge--link badge--dots font-bold !underline\" href=\"https:\/\/www.denik.cz\/autor\/lubos-palata-3556.html\">Lubo\u0161 Palata<\/a> <span class=\"badge badge--dots\"> 2.6.2025 17:30 <\/span><\/div>\n<p class=\"ac-perex text-xl font-bold leading-30 lg:!mt-4\">\/Od zvl\u00e1\u0161tn\u00edho zpravodaje Den\u00edku v&nbsp;Polsku\/ Nov\u00fd polsk\u00fd prezident Karol Nawrocki m\u011bl ve sv\u00e9 kampani jasnou podporu Donalda Trumpa a jeho administrativy. Odvol\u00e1v\u00e1 se na katolick\u00e9 hodnoty, chce odlo\u017eit Zelenou dohodu Evropsk\u00e9 unie a ukrajinsk\u00e9mu prezidentovi Volodymiru Zelensk\u00e9mu vzk\u00e1zal, \u017ee nen\u00ed Polsku dost&nbsp;vd\u011b\u010dn\u00fd.<\/p>\n<p>Zdroj: <a href=\"https:\/\/www.denik.cz\/staty-eu\/kdo-je-karol-nawrocki.html\">https:\/\/www.denik.cz\/staty-eu\/kdo-je-karol-nawrocki.html<\/a><\/p>\n<\/div>\n","protected":false},"excerpt":{"rendered":"<p>Prezidentsk\u00e9 volby v Polsku vyhr\u00e1l kandid\u00e1t opozi\u010dn\u00ed strany Pr\u00e1vo a spravedlnost (PiS) Karol Nawrocki. V ned\u011bln\u00edm druh\u00e9m kole volby z\u00edskal 50,9 procenta hlas\u016f, p\u00ed\u0161ou v pond\u011bl\u00ed r\u00e1no polsk\u00e1 m\u00e9dia po se\u010dten\u00ed 100 procent okrsk\u016f. Kandid\u00e1t vl\u00e1dn\u00ed Ob\u010dansk\u00e9 koalice Rafal Trzaskowski m\u00e1 49,1 procenta hlas\u016f. Polsk\u00fd prezidentsk\u00fd kandid\u00e1t Karol Nawrocki ze strany Pr\u00e1vo a spravedlnost (PiS) [&hellip;]<\/p>\n","protected":false},"author":2,"featured_media":0,"comment_status":"closed","ping_status":"closed","sticky":false,"template":"","format":"standard","meta":{"ngg_post_thumbnail":0,"footnotes":""},"categories":[24],"tags":[],"class_list":["post-6245","post","type-post","status-publish","format-standard","hentry","category-zajimavosti"],"_links":{"self":[{"href":"https:\/\/www.infopoint.cz\/polsko\/wp-json\/wp\/v2\/posts\/6245","targetHints":{"allow":["GET"]}}],"collection":[{"href":"https:\/\/www.infopoint.cz\/polsko\/wp-json\/wp\/v2\/posts"}],"about":[{"href":"https:\/\/www.infopoint.cz\/polsko\/wp-json\/wp\/v2\/types\/post"}],"author":[{"embeddable":true,"href":"https:\/\/www.infopoint.cz\/polsko\/wp-json\/wp\/v2\/users\/2"}],"replies":[{"embeddable":true,"href":"https:\/\/www.infopoint.cz\/polsko\/wp-json\/wp\/v2\/comments?post=6245"}],"version-history":[{"count":5,"href":"https:\/\/www.infopoint.cz\/polsko\/wp-json\/wp\/v2\/posts\/6245\/revisions"}],"predecessor-version":[{"id":6258,"href":"https:\/\/www.infopoint.cz\/polsko\/wp-json\/wp\/v2\/posts\/6245\/revisions\/6258"}],"wp:attachment":[{"href":"https:\/\/www.infopoint.cz\/polsko\/wp-json\/wp\/v2\/media?parent=6245"}],"wp:term":[{"taxonomy":"category","embeddable":true,"href":"https:\/\/www.infopoint.cz\/polsko\/wp-json\/wp\/v2\/categories?post=6245"},{"taxonomy":"post_tag","embeddable":true,"href":"https:\/\/www.infopoint.cz\/polsko\/wp-json\/wp\/v2\/tags?post=6245"}],"curies":[{"name":"wp","href":"https:\/\/api.w.org\/{rel}","templated":true}]}}