{"id":6260,"date":"2025-07-17T11:27:50","date_gmt":"2025-07-17T09:27:50","guid":{"rendered":"https:\/\/www.infopoint.cz\/polsko\/?p=6260"},"modified":"2025-07-17T11:34:21","modified_gmt":"2025-07-17T09:34:21","slug":"mezinarodni-posadka-modulu-crew-dragon-pristala-na-zemi-let-stal-pres-miliardu-korun","status":"publish","type":"post","link":"https:\/\/www.infopoint.cz\/polsko\/mezinarodni-posadka-modulu-crew-dragon-pristala-na-zemi-let-stal-pres-miliardu-korun\/","title":{"rendered":"Mezin\u00e1rodn\u00ed pos\u00e1dka modulu Crew Dragon p\u0159ist\u00e1la na Zemi. Let st\u00e1l p\u0159es miliardu korun"},"content":{"rendered":"<div class=\"row row--article\">\n<div class=\"col col--main\">\n<div class=\"b-detail\">\n<header class=\"b-detail__head\">\n<blockquote>\n<p class=\"text-bold--m text-md--m text-lg\">Modul Crew Dragon spole\u010dnosti SpaceX se \u010dty\u0159\u010dlennou mezin\u00e1rodn\u00ed pos\u00e1dkou v \u00fater\u00fd p\u0159ist\u00e1l na pad\u00e1ku do Tich\u00e9ho oce\u00e1nu u pob\u0159e\u017e\u00ed ji\u017en\u00ed Kalifornie po t\u00e9m\u011b\u0159 t\u0159\u00edt\u00fddenn\u00ed soukrom\u00e9 misi k Mezin\u00e1rodn\u00ed vesm\u00edrn\u00e9 stanici (ISS). Informovala o tom agentura AP.<\/p>\n<\/blockquote>\n<p>Let k ISS si pronajala houstonsk\u00e1 soukrom\u00e1 spole\u010dnost Axiom Space a po v\u00edce ne\u017e 40 letech se v n\u011bm do vesm\u00edru vr\u00e1tili astronauti z Indie, Polska a Ma\u010farska.<\/p>\n<div class=\"b-inline__wrap\">\n<div class=\"b-inline__content\">\n<p><span class=\"meta__text\"><strong>Mys Canaveral (Florida)<\/strong> <time datetime=\"2025-07-15 13:15\"><span class=\"meta__time\">13:15<\/span> 15. \u010dervence 2025<\/time><\/span><\/p>\n<figure class=\"b-detail__img\">\n<p class=\"img img--16x9\" data-text-version=\"Na\u010d\u00edst obr\u00e1zek\"><a class=\"img__holder img__holder--static\" href=\"https:\/\/www.irozhlas.cz\/fotogalerie\/9515284?fid=11851741\"> <img decoding=\"async\" src=\"https:\/\/www.irozhlas.cz\/sites\/default\/files\/styles\/zpravy_otvirak_velky\/public\/uploader\/profimedia-102212608_250715-134759_lar.jpg\" alt=\"Pola\u00e1k Slawosz Uzna\u0148ski-Wi\u0161niewski (uprost\u0159ed) byl \u010dlenem, pos\u00e1dky Space X\"> <\/a><\/p><figcaption class=\"\">Pola\u00e1k Slawosz Uzna\u0148ski-Wi\u0161niewski (uprost\u0159ed) byl \u010dlenem, pos\u00e1dky Space X | Zdroj: \u010cTK \/ AP \/ Anonymous<\/figcaption><\/figure>\n<\/div>\n<\/div>\n<p>&nbsp;<\/p>\n<p>Tyto zem\u011b naposledy vyslaly sv\u00e9 ob\u010dany na ob\u011b\u017enou dr\u00e1hu na konci 70. a v 80. let v r\u00e1mci programu Sov\u011btsk\u00e9ho svazu. Velitelkou mise byla b\u00fdval\u00e1 astronautka NASA Peggy Whitsonov\u00e1, kter\u00e1 nyn\u00ed pracuje pro Axiom Space.<\/p>\n<p>Zdroj:&nbsp; <a href=\"https:\/\/www.irozhlas.cz\/veda-technologie\/veda\/mezinarodni-posadka-modulu-crew-dragon-pristala-na-zemi-let-stal-pres-miliardu_2507151315_elev\">https:\/\/www.irozhlas.cz\/veda-technologie\/veda\/mezinarodni-posadka-modulu-crew-dragon-pristala-na-zemi-let-stal-pres-miliardu_2507151315_elev<\/a><\/p>\n<p>Kdy polet\u00ed do vesm\u00edru druh\u00fd \u010cech?<\/p>\n<p><a href=\"https:\/\/www.irozhlas.cz\/veda-technologie\/veda\/vladimir-remek-byl-inspiraci-pro-jednu-generaci-bude-ho-do-vesmiru-nasledovat_2406231303_cen\">https:\/\/www.irozhlas.cz\/veda-technologie\/veda\/vladimir-remek-byl-inspiraci-pro-jednu-generaci-bude-ho-do-vesmiru-nasledovat_2406231303_cen<\/a><\/p>\n<\/header>\n<\/div>\n<\/div>\n<\/div>\n","protected":false},"excerpt":{"rendered":"<p>Modul Crew Dragon spole\u010dnosti SpaceX se \u010dty\u0159\u010dlennou mezin\u00e1rodn\u00ed pos\u00e1dkou v \u00fater\u00fd p\u0159ist\u00e1l na pad\u00e1ku do Tich\u00e9ho oce\u00e1nu u pob\u0159e\u017e\u00ed ji\u017en\u00ed Kalifornie po t\u00e9m\u011b\u0159 t\u0159\u00edt\u00fddenn\u00ed soukrom\u00e9 misi k Mezin\u00e1rodn\u00ed vesm\u00edrn\u00e9 stanici (ISS). Informovala o tom agentura AP. Let k ISS si pronajala houstonsk\u00e1 soukrom\u00e1 spole\u010dnost Axiom Space a po v\u00edce ne\u017e 40 letech se v n\u011bm [&hellip;]<\/p>\n","protected":false},"author":2,"featured_media":0,"comment_status":"open","ping_status":"closed","sticky":false,"template":"","format":"standard","meta":{"ngg_post_thumbnail":0,"footnotes":""},"categories":[24],"tags":[],"class_list":["post-6260","post","type-post","status-publish","format-standard","hentry","category-zajimavosti"],"_links":{"self":[{"href":"https:\/\/www.infopoint.cz\/polsko\/wp-json\/wp\/v2\/posts\/6260","targetHints":{"allow":["GET"]}}],"collection":[{"href":"https:\/\/www.infopoint.cz\/polsko\/wp-json\/wp\/v2\/posts"}],"about":[{"href":"https:\/\/www.infopoint.cz\/polsko\/wp-json\/wp\/v2\/types\/post"}],"author":[{"embeddable":true,"href":"https:\/\/www.infopoint.cz\/polsko\/wp-json\/wp\/v2\/users\/2"}],"replies":[{"embeddable":true,"href":"https:\/\/www.infopoint.cz\/polsko\/wp-json\/wp\/v2\/comments?post=6260"}],"version-history":[{"count":6,"href":"https:\/\/www.infopoint.cz\/polsko\/wp-json\/wp\/v2\/posts\/6260\/revisions"}],"predecessor-version":[{"id":6266,"href":"https:\/\/www.infopoint.cz\/polsko\/wp-json\/wp\/v2\/posts\/6260\/revisions\/6266"}],"wp:attachment":[{"href":"https:\/\/www.infopoint.cz\/polsko\/wp-json\/wp\/v2\/media?parent=6260"}],"wp:term":[{"taxonomy":"category","embeddable":true,"href":"https:\/\/www.infopoint.cz\/polsko\/wp-json\/wp\/v2\/categories?post=6260"},{"taxonomy":"post_tag","embeddable":true,"href":"https:\/\/www.infopoint.cz\/polsko\/wp-json\/wp\/v2\/tags?post=6260"}],"curies":[{"name":"wp","href":"https:\/\/api.w.org\/{rel}","templated":true}]}}