{"id":6272,"date":"2025-08-05T12:45:24","date_gmt":"2025-08-05T10:45:24","guid":{"rendered":"https:\/\/www.infopoint.cz\/polsko\/?p=6272"},"modified":"2025-08-05T12:45:24","modified_gmt":"2025-08-05T10:45:24","slug":"slova-maji-dusledky-potize-polskych-liberalu","status":"publish","type":"post","link":"https:\/\/www.infopoint.cz\/polsko\/slova-maji-dusledky-potize-polskych-liberalu\/","title":{"rendered":"Slova maj\u00ed d\u016fsledky: pot\u00ed\u017ee polsk\u00fdch liber\u00e1l\u016f"},"content":{"rendered":"<blockquote>\n<figure class=\"articleNewDetail__img\"><a href=\"https:\/\/www.echo24.cz\/g\/H7AGp\/komentar-ruczaj-slova-maji-dusledky-potize-polskych-liberalu\/1\">Polsk\u00e9 m\u011bsto Pabianice. Masov\u00e9 setk\u00e1n\u00ed p\u0159\u00edznivc\u016f liber\u00e1ln\u011b-levicov\u00e9 koalice s&nbsp;premi\u00e9rem Donaldem Tuskem. Napjat\u00e1 atmosf\u00e9ra, v&nbsp;n\u00ed\u017e vzduchem l\u00e9t\u00e1 vol\u00e1n\u00ed po&nbsp;tom, aby vl\u00e1da nedopustila jmenov\u00e1n\u00ed nov\u00e9ho prezidenta, j\u00edm\u017e se&nbsp;stal kandid\u00e1t konzervativc\u016f Karol Nawrocki. Premi\u00e9r, viditeln\u011b v&nbsp;defenziv\u011b, vysv\u011btluje, \u017ee nelze znova p\u0159epo\u010d\u00edtat v\u0161echny hlasy z&nbsp;voleb konan\u00fdch 1. \u010dervna. \u201eKdo by je m\u011bl po\u010d\u00edtat? No kdo?\u201c pt\u00e1 se&nbsp;nakonec zoufale. \u201ePolicie!\u201c je sly\u0161et z&nbsp;davu. \u201eOpravdu chcete \u017e\u00edt ve&nbsp;st\u00e1t\u011b, kde v\u00edt\u011bze&nbsp;voleb vyhla\u0161uje policie?\u201c pt\u00e1 se&nbsp;Tusk. V&nbsp;prvn\u00ed chv\u00edli je reakc\u00ed v\u011bt\u0161inou ml\u010den\u00ed. <img loading=\"lazy\" decoding=\"async\" src=\"https:\/\/www.echo24.cz\/img\/688e1da5c33f65072c90aafa\/1180\/614\/CROP?_sig=4cLt5pdfJaVM9q3yB2CR7y1nP7po7wueZu2MVToxv4s\" alt=\"Slova maj\u00ed d\u016fsledky: pot\u00ed\u017ee polsk\u00fdch liber\u00e1l\u016f\" width=\"590\" height=\"307\"><\/a><figcaption>Premi\u00e9r Donald Tusk Foto: Donald Tusk<\/figcaption><a class=\"article-detail__galeryLink\" title=\"Galerie\" href=\"https:\/\/www.echo24.cz\/g\/H7AGp\/komentar-ruczaj-slova-maji-dusledky-potize-polskych-liberalu\" rel=\"canonical\">1<\/a><\/figure>\n<\/blockquote>\n<div class=\"articleNewDetail__section\">Koment\u00e1\u0159e<\/div>\n<div class=\"articleNewDetail__info\">\n<ul>\n<li><a class=\"articleNew-opinion__author\" href=\"https:\/\/www.echo24.cz\/author\/maciej-ruczaj\" rel=\"author\">Maciej Ruczaj<\/a><\/li>\n<\/ul>\n<p><a class=\"articleNew-opinion__img\" href=\"https:\/\/www.echo24.cz\/author\/maciej-ruczaj\"> <img loading=\"lazy\" decoding=\"async\" class=\"js-lazy loaded\" src=\"https:\/\/www.echo24.cz\/img\/6749a4e55344063c3de444f5\/90\/90\/CROP?_sig=_ytoQLFuUXnwWqO4ipHHdZe2XIQwLMJcs9AL8qn4LAE\" alt=\"Maciej Ruczaj\" width=\"45\" height=\"45\" data-src=\"\/img\/6749a4e55344063c3de444f5\/90\/90\/CROP?_sig=_ytoQLFuUXnwWqO4ipHHdZe2XIQwLMJcs9AL8qn4LAE\" data-was-processed=\"true\"> <\/a> <time class=\"articleNew-online__time\" datetime=\"2025-08-03T00:07:00+02:00\">3. srpna 2025<\/time><\/div>\n<div class=\"a2a_kit a2a_kit_size_32 a2a_default_style addthis-top\">\n<div class=\"articleNew-opinion__author\">Sd\u00edlet:<\/div>\n<\/div>\n<div class=\"articleNewDetail__content js-content\">\n<p>\u201ePremi\u00e9r se&nbsp;setkal s&nbsp;hn\u011bvem vlastn\u00edch voli\u010d\u016f,\u201c napsal o&nbsp;setk\u00e1n\u00ed \u0161\u00e9fredaktor listu Rzeczpospolita Micha\u0142 Szu\u0142drzy\u0144ski. \u201eNa&nbsp;vlastn\u00ed p\u0159\u00e1n\u00ed,\u201c dodal, proto\u017ee&nbsp;pr\u00e1v\u011b politici Tuskovy Ob\u010dansk\u00e9 platformy p\u0159edt\u00edm mnoho t\u00fddn\u016f p\u0159i\u017eivovali podez\u0159en\u00ed z&nbsp;toho, \u017ee byl v\u00fdsledek prezidentsk\u00fdch voleb zmanipulovan\u00fd. D\u011blali to natolik \u00fasp\u011b\u0161n\u011b (<em>Echo24<\/em> o&nbsp;tom psalo nap\u0159\u00edklad<a href=\"https:\/\/www.echo24.cz\/a\/Hpgmp\/komentar-maciej-ruczaj-hratky-se-sirkami-v-municnim-skladu\" target=\"_self\" data-type=\"external\"> zde<\/a>), a\u017e&nbsp;se&nbsp;velk\u00e1 \u010d\u00e1st jejich voli\u010d\u016f do&nbsp;cel\u00e9ho p\u0159\u00edb\u011bhu o&nbsp;volebn\u00edm podvodu anga\u017eovala natolik, \u017ee je nyn\u00ed p\u0159ipravena i&nbsp;samotn\u00e9ho Tuska \u2013 kdy\u017e&nbsp;cht\u011b necht\u011b v\u00edt\u011bzstv\u00ed Nawrock\u00e9ho akceptuje \u2013 obvi\u0148ovat ze&nbsp;\u201ezrady\u201c. Jak to komentoval politolog Micha\u0142 Ku\u017a, liber\u00e1lov\u00e9 si vyp\u011bstovali \u010d\u00e1st voli\u010d\u016f, kte\u0159\u00ed se&nbsp;zan\u00edcenost\u00ed a&nbsp;nen\u00e1vist\u00ed k&nbsp;druh\u00e9 stran\u011b \u201ev\u00edce hod\u00ed pro&nbsp;budov\u00e1n\u00ed autorit\u00e1\u0159stv\u00ed ne\u017e vyhr\u00e1v\u00e1n\u00ed voleb\u201c, a&nbsp;te\u010f musej\u00ed s&nbsp;jejich emocemi i&nbsp;nad\u00e1le po\u010d\u00edtat.<\/p>\n<p>Zdroj: <a href=\"https:\/\/www.echo24.cz\/a\/H7AGp\/komentar-ruczaj-slova-maji-dusledky-potize-polskych-liberalu\">https:\/\/www.echo24.cz\/a\/H7AGp\/komentar-ruczaj-slova-maji-dusledky-potize-polskych-liberalu<\/a><\/p>\n<\/div>\n","protected":false},"excerpt":{"rendered":"<p>Polsk\u00e9 m\u011bsto Pabianice. Masov\u00e9 setk\u00e1n\u00ed p\u0159\u00edznivc\u016f liber\u00e1ln\u011b-levicov\u00e9 koalice s&nbsp;premi\u00e9rem Donaldem Tuskem. Napjat\u00e1 atmosf\u00e9ra, v&nbsp;n\u00ed\u017e vzduchem l\u00e9t\u00e1 vol\u00e1n\u00ed po&nbsp;tom, aby vl\u00e1da nedopustila jmenov\u00e1n\u00ed nov\u00e9ho prezidenta, j\u00edm\u017e se&nbsp;stal kandid\u00e1t konzervativc\u016f Karol Nawrocki. Premi\u00e9r, viditeln\u011b v&nbsp;defenziv\u011b, vysv\u011btluje, \u017ee nelze znova p\u0159epo\u010d\u00edtat v\u0161echny hlasy z&nbsp;voleb konan\u00fdch 1. \u010dervna. \u201eKdo by je m\u011bl po\u010d\u00edtat? No kdo?\u201c pt\u00e1 se&nbsp;nakonec zoufale. \u201ePolicie!\u201c [&hellip;]<\/p>\n","protected":false},"author":2,"featured_media":0,"comment_status":"closed","ping_status":"closed","sticky":false,"template":"","format":"standard","meta":{"ngg_post_thumbnail":0,"footnotes":""},"categories":[24],"tags":[],"class_list":["post-6272","post","type-post","status-publish","format-standard","hentry","category-zajimavosti"],"_links":{"self":[{"href":"https:\/\/www.infopoint.cz\/polsko\/wp-json\/wp\/v2\/posts\/6272","targetHints":{"allow":["GET"]}}],"collection":[{"href":"https:\/\/www.infopoint.cz\/polsko\/wp-json\/wp\/v2\/posts"}],"about":[{"href":"https:\/\/www.infopoint.cz\/polsko\/wp-json\/wp\/v2\/types\/post"}],"author":[{"embeddable":true,"href":"https:\/\/www.infopoint.cz\/polsko\/wp-json\/wp\/v2\/users\/2"}],"replies":[{"embeddable":true,"href":"https:\/\/www.infopoint.cz\/polsko\/wp-json\/wp\/v2\/comments?post=6272"}],"version-history":[{"count":1,"href":"https:\/\/www.infopoint.cz\/polsko\/wp-json\/wp\/v2\/posts\/6272\/revisions"}],"predecessor-version":[{"id":6273,"href":"https:\/\/www.infopoint.cz\/polsko\/wp-json\/wp\/v2\/posts\/6272\/revisions\/6273"}],"wp:attachment":[{"href":"https:\/\/www.infopoint.cz\/polsko\/wp-json\/wp\/v2\/media?parent=6272"}],"wp:term":[{"taxonomy":"category","embeddable":true,"href":"https:\/\/www.infopoint.cz\/polsko\/wp-json\/wp\/v2\/categories?post=6272"},{"taxonomy":"post_tag","embeddable":true,"href":"https:\/\/www.infopoint.cz\/polsko\/wp-json\/wp\/v2\/tags?post=6272"}],"curies":[{"name":"wp","href":"https:\/\/api.w.org\/{rel}","templated":true}]}}