{"id":6275,"date":"2025-09-12T19:20:04","date_gmt":"2025-09-12T17:20:04","guid":{"rendered":"https:\/\/www.infopoint.cz\/polsko\/?p=6275"},"modified":"2025-09-12T19:22:03","modified_gmt":"2025-09-12T17:22:03","slug":"polsky-prezident-a-premier-nadradili-obranu-zeme-nad-rozpory-je-to-vyzva-i-nasim-volicum","status":"publish","type":"post","link":"https:\/\/www.infopoint.cz\/polsko\/polsky-prezident-a-premier-nadradili-obranu-zeme-nad-rozpory-je-to-vyzva-i-nasim-volicum\/","title":{"rendered":"Polsk\u00fd prezident a premi\u00e9r nad\u0159adili obranu zem\u011b nad rozpory. Je to v\u00fdzva i na\u0161im voli\u010d\u016fm"},"content":{"rendered":"<div class=\"row row--article\">\n<div class=\"col col--main\">\n<div class=\"b-detail\">\n<header class=\"b-detail__head\">\n<p class=\"text-bold--m text-md--m text-lg\">Zku\u0161ebn\u00ed rusk\u00fd dronov\u00fd \u00fatok na Polsko m\u011bl vyzkou\u0161et \u2013 vedle reakce polsk\u00e9 protileteck\u00e9 obrany \u2013 tak\u00e9 odolnost polsk\u00e9 politiky. T\u011bsn\u011b p\u0159ed \u00fatokem rozd\u011blen\u00e9 tak, jak jen rozd\u011blen\u00e1 b\u00fdt mohla. Prezident Karol Nawrocki \u0161ikoval s\u00edly k z\u00e1v\u011bre\u010dn\u00e9 vnitropolitick\u00e9 bitv\u011b s vl\u00e1dou Donalda Tuska.<\/p>\n<\/header>\n<\/div>\n<\/div>\n<\/div>\n<header class=\"b-detail__head\">\n<figure class=\"b-detail__img\">\n<p class=\"img img--16x9\" data-text-version=\"Na\u010d\u00edst obr\u00e1zek\"><a class=\"img__holder img__holder--static\" href=\"https:\/\/www.irozhlas.cz\/fotogalerie\/9553177?fid=11893531\"><img decoding=\"async\" src=\"https:\/\/www.irozhlas.cz\/sites\/default\/files\/styles\/zpravy_otvirak_velky\/public\/uploader\/2025-08-14t110549z_1_250819-170202_job.JPG\" alt=\"Polsk\u00fd prezident Karol Nawrocki (vlevo) a premi\u00e9r Donald Tusk\"> <\/a><\/p><figcaption class=\"\">Polsk\u00fd prezident Karol Nawrocki (vlevo) a premi\u00e9r Donald Tusk | Foto: Slawomir Kaminski\/Agencja Wyborcza.pl | Zdroj: Reuters<\/p>\n<\/figcaption><\/figure>\n<\/header>\n<p>Zvl\u00e1\u0161t\u011b po ned\u00e1vn\u00e9m \u00fasp\u011b\u0161n\u00e9m setk\u00e1n\u00ed s americk\u00fdm prezidentem Donaldem Trumpem m\u011bl Nawrocki, z politick\u00e9ho hlediska nov\u00e1\u010dek, pocit, \u017ee m\u00e1 p\u0159evahu na sv\u00e9 stran\u011b.<\/p>\n<h2>Rusk\u00e9 drony za humny<\/h2>\n<p>Veden\u00ed Polska p\u0159i obran\u011b zem\u011b uk\u00e1zalo jednotu \u2013 a to je pro Pol\u00e1ky uklid\u0148uj\u00edc\u00ed. Pro \u010cesko, jeho\u017e hranici od rusk\u00fdch dron\u016f d\u011blilo v okam\u017eiku sest\u0159elu m\u00e9n\u011b, ne\u017e je vzd\u00e1lenost Brna od Prahy, by to m\u011blo b\u00fdt varuj\u00edc\u00ed a inspirativn\u00ed.<\/p>\n<p>Proto\u017ee od toho, abychom se i my stali ter\u010dem rusk\u00e9ho \u00fatoku, n\u00e1s d\u011blily p\u0159i rychlosti dron\u016f opravdu jen chv\u00edle. Byla to od Putina v\u00fdzva \u010desk\u00fdm voli\u010d\u016fm, aby se podobn\u011b jako Nawrocki a Tusk povznesli nad ka\u017edodenn\u00ed rozm\u00ed\u0161ky.<\/p>\n<p>A zamysleli se nad t\u00edm, jestli by strany, kter\u00e9 cht\u011bj\u00ed volit, dok\u00e1zaly ubr\u00e1nit jejich vlast a obranu jejich domov\u016f nad\u0159adit nad sv\u016fj vnitropolitick\u00fd boj, sv\u00e9 dom\u00e1c\u00ed z\u00e1jmy.<\/p>\n<p>V\u00edm hned o n\u011bkolika stran\u00e1ch, kter\u00e9 by to nedok\u00e1zaly. A to je v\u00e1\u017en\u00e9, proto\u017ee v\u00e1lka je na z\u00e1pra\u017e\u00ed a jde do tuh\u00e9ho.<\/p>\n<p><em>Autor je evropsk\u00fdm editorem Den\u00edku<\/em><\/p>\n<p class=\"meta meta--right meta--big\"><strong><a class=\"meta__link\" href=\"https:\/\/www.irozhlas.cz\/node\/5003319\">Lubo\u0161 Palata<\/a><\/strong><span class=\"m-socials\"><a class=\"m-socials__link\" href=\"https:\/\/www.facebook.com\/sharer\/sharer.php?u=https%3A%2F%2Fwww.irozhlas.cz%2Fkomentare%2Fpolsky-prezident-a-premier-nadradili-obranu-zeme-nad-rozpory-je-vyzva-i-nasim_2509121630_cen\" target=\"_blank\" rel=\"noopener\">&nbsp;<\/a><\/span><\/p>\n<p>Zdroj: <a href=\"https:\/\/www.irozhlas.cz\/komentare\/polsky-prezident-a-premier-nadradili-obranu-zeme-nad-rozpory-je-vyzva-i-nasim_2509121630_cen\">https:\/\/www.irozhlas.cz\/komentare\/polsky-prezident-a-premier-nadradili-obranu-zeme-nad-rozpory-je-vyzva-i-nasim_2509121630_cen<\/a><\/p>\n","protected":false},"excerpt":{"rendered":"<p>Zku\u0161ebn\u00ed rusk\u00fd dronov\u00fd \u00fatok na Polsko m\u011bl vyzkou\u0161et \u2013 vedle reakce polsk\u00e9 protileteck\u00e9 obrany \u2013 tak\u00e9 odolnost polsk\u00e9 politiky. T\u011bsn\u011b p\u0159ed \u00fatokem rozd\u011blen\u00e9 tak, jak jen rozd\u011blen\u00e1 b\u00fdt mohla. Prezident Karol Nawrocki \u0161ikoval s\u00edly k z\u00e1v\u011bre\u010dn\u00e9 vnitropolitick\u00e9 bitv\u011b s vl\u00e1dou Donalda Tuska. Polsk\u00fd prezident Karol Nawrocki (vlevo) a premi\u00e9r Donald Tusk | Foto: Slawomir Kaminski\/Agencja [&hellip;]<\/p>\n","protected":false},"author":2,"featured_media":0,"comment_status":"open","ping_status":"closed","sticky":false,"template":"","format":"standard","meta":{"ngg_post_thumbnail":0,"footnotes":""},"categories":[24],"tags":[],"class_list":["post-6275","post","type-post","status-publish","format-standard","hentry","category-zajimavosti"],"_links":{"self":[{"href":"https:\/\/www.infopoint.cz\/polsko\/wp-json\/wp\/v2\/posts\/6275","targetHints":{"allow":["GET"]}}],"collection":[{"href":"https:\/\/www.infopoint.cz\/polsko\/wp-json\/wp\/v2\/posts"}],"about":[{"href":"https:\/\/www.infopoint.cz\/polsko\/wp-json\/wp\/v2\/types\/post"}],"author":[{"embeddable":true,"href":"https:\/\/www.infopoint.cz\/polsko\/wp-json\/wp\/v2\/users\/2"}],"replies":[{"embeddable":true,"href":"https:\/\/www.infopoint.cz\/polsko\/wp-json\/wp\/v2\/comments?post=6275"}],"version-history":[{"count":2,"href":"https:\/\/www.infopoint.cz\/polsko\/wp-json\/wp\/v2\/posts\/6275\/revisions"}],"predecessor-version":[{"id":6277,"href":"https:\/\/www.infopoint.cz\/polsko\/wp-json\/wp\/v2\/posts\/6275\/revisions\/6277"}],"wp:attachment":[{"href":"https:\/\/www.infopoint.cz\/polsko\/wp-json\/wp\/v2\/media?parent=6275"}],"wp:term":[{"taxonomy":"category","embeddable":true,"href":"https:\/\/www.infopoint.cz\/polsko\/wp-json\/wp\/v2\/categories?post=6275"},{"taxonomy":"post_tag","embeddable":true,"href":"https:\/\/www.infopoint.cz\/polsko\/wp-json\/wp\/v2\/tags?post=6275"}],"curies":[{"name":"wp","href":"https:\/\/api.w.org\/{rel}","templated":true}]}}