{"id":6280,"date":"2025-10-30T14:37:40","date_gmt":"2025-10-30T13:37:40","guid":{"rendered":"https:\/\/www.infopoint.cz\/polsko\/?p=6280"},"modified":"2025-10-31T15:27:35","modified_gmt":"2025-10-31T14:27:35","slug":"polske-stihacky-zachytily-nad-baltem-rusky-pruzkumny-letoun","status":"publish","type":"post","link":"https:\/\/www.infopoint.cz\/polsko\/polske-stihacky-zachytily-nad-baltem-rusky-pruzkumny-letoun\/","title":{"rendered":"Polsk\u00e9 st\u00edha\u010dky zachytily nad Baltem rusk\u00fd pr\u016fzkumn\u00fd letoun"},"content":{"rendered":"<blockquote><p>Polsk\u00e9 st\u00edhac\u00ed letouny MiG-29 ve \u010dtvrtek znovu zachytily nad Baltsk\u00fdm mo\u0159em rusk\u00fd pr\u016fzkumn\u00fd letoun. S odvol\u00e1n\u00edm na polsk\u00e9ho ministra obrany Wladyslawa Kosiniaka-Kamysze to p\u00ed\u0161e agentura Reuters. Jde u\u017e o druh\u00fd podobn\u00fd incident v jednom t\u00fddnu.<\/p><\/blockquote>\n<p>Podle n\u011bkter\u00fdch evropsk\u00fdch p\u0159edstavitel\u016f tak Moskva testuje reakci NATO. Americk\u00fd gener\u00e1l Alexus Grynkewich, jen\u017e stoj\u00ed v \u010dele Velitelstv\u00ed ozbrojen\u00fdch sil USA pro Evropu, minul\u00fd t\u00fdden agentu\u0159e Reuters \u0159ekl, \u017ee Moskvu z\u0159ejm\u011b odradila r\u00e1zn\u00e1 reakce Aliance z minul\u00e9ho m\u011bs\u00edce na naru\u0161en\u00ed polsk\u00e9ho a estonsk\u00e9ho vzdu\u0161n\u00e9ho prostoru, ale o\u010dek\u00e1v\u00e1, \u017ee Rusko bude i nad\u00e1le testovat meze.<\/p>\n<p>Zdroj: <a href=\"https:\/\/ct24.ceskatelevize.cz\/clanek\/svet\/polske-stihacky-zachytily-nad-baltem-rusky-pruzkumny-letoun-366652\">https:\/\/ct24.ceskatelevize.cz\/clanek\/svet\/polske-stihacky-zachytily-nad-baltem-rusky-pruzkumny-letoun-366652<\/a><\/p>\n","protected":false},"excerpt":{"rendered":"<p>Polsk\u00e9 st\u00edhac\u00ed letouny MiG-29 ve \u010dtvrtek znovu zachytily nad Baltsk\u00fdm mo\u0159em rusk\u00fd pr\u016fzkumn\u00fd letoun. S odvol\u00e1n\u00edm na polsk\u00e9ho ministra obrany Wladyslawa Kosiniaka-Kamysze to p\u00ed\u0161e agentura Reuters. Jde u\u017e o druh\u00fd podobn\u00fd incident v jednom t\u00fddnu. Podle n\u011bkter\u00fdch evropsk\u00fdch p\u0159edstavitel\u016f tak Moskva testuje reakci NATO. Americk\u00fd gener\u00e1l Alexus Grynkewich, jen\u017e stoj\u00ed v \u010dele Velitelstv\u00ed ozbrojen\u00fdch sil [&hellip;]<\/p>\n","protected":false},"author":2,"featured_media":0,"comment_status":"closed","ping_status":"closed","sticky":false,"template":"","format":"standard","meta":{"ngg_post_thumbnail":0,"footnotes":""},"categories":[24],"tags":[],"class_list":["post-6280","post","type-post","status-publish","format-standard","hentry","category-zajimavosti"],"_links":{"self":[{"href":"https:\/\/www.infopoint.cz\/polsko\/wp-json\/wp\/v2\/posts\/6280","targetHints":{"allow":["GET"]}}],"collection":[{"href":"https:\/\/www.infopoint.cz\/polsko\/wp-json\/wp\/v2\/posts"}],"about":[{"href":"https:\/\/www.infopoint.cz\/polsko\/wp-json\/wp\/v2\/types\/post"}],"author":[{"embeddable":true,"href":"https:\/\/www.infopoint.cz\/polsko\/wp-json\/wp\/v2\/users\/2"}],"replies":[{"embeddable":true,"href":"https:\/\/www.infopoint.cz\/polsko\/wp-json\/wp\/v2\/comments?post=6280"}],"version-history":[{"count":1,"href":"https:\/\/www.infopoint.cz\/polsko\/wp-json\/wp\/v2\/posts\/6280\/revisions"}],"predecessor-version":[{"id":6281,"href":"https:\/\/www.infopoint.cz\/polsko\/wp-json\/wp\/v2\/posts\/6280\/revisions\/6281"}],"wp:attachment":[{"href":"https:\/\/www.infopoint.cz\/polsko\/wp-json\/wp\/v2\/media?parent=6280"}],"wp:term":[{"taxonomy":"category","embeddable":true,"href":"https:\/\/www.infopoint.cz\/polsko\/wp-json\/wp\/v2\/categories?post=6280"},{"taxonomy":"post_tag","embeddable":true,"href":"https:\/\/www.infopoint.cz\/polsko\/wp-json\/wp\/v2\/tags?post=6280"}],"curies":[{"name":"wp","href":"https:\/\/api.w.org\/{rel}","templated":true}]}}