{"id":6284,"date":"2025-11-21T17:18:58","date_gmt":"2025-11-21T16:18:58","guid":{"rendered":"https:\/\/www.infopoint.cz\/polsko\/?p=6284"},"modified":"2025-11-23T17:20:13","modified_gmt":"2025-11-23T16:20:13","slug":"operace-horizont-polsko-vysila-do-terenu-10-tisic-vojaku-chce-predejit-dalsi-sabotazi","status":"publish","type":"post","link":"https:\/\/www.infopoint.cz\/polsko\/operace-horizont-polsko-vysila-do-terenu-10-tisic-vojaku-chce-predejit-dalsi-sabotazi\/","title":{"rendered":"Operace Horizont: Polsko vys\u00edl\u00e1 do ter\u00e9nu 10 tis\u00edc voj\u00e1k\u016f. Chce p\u0159edej\u00edt dal\u0161\u00ed sabot\u00e1\u017ei"},"content":{"rendered":"<p><em>Polsko spou\u0161t\u00ed vojenskou operaci Horizont na ochranu kritick\u00e9 infrastruktury. St\u0159e\u017eit ji bude od p\u00e1tku v ter\u00e9nu 10 tis\u00edc polsk\u00fdch voj\u00e1k\u016f. Do operace budou zapojeni nejen oni, ale tak\u00e9 dal\u0161\u00ed prost\u0159edky ozbrojen\u00fdch sil, v\u010detn\u011b t\u011bch kyberbezpe\u010dnostn\u00edch. Ozn\u00e1mil to velitel Gener\u00e1ln\u00edho \u0161t\u00e1bu polsk\u00fdch ozbrojen\u00fdch sil Wies\u0142aw Kuku\u0142a. D\u016fvodem jsou v\u00edkendov\u00e9 teroristick\u00e9 \u00fatoky na \u017eeleznici.<\/em><\/p>\n<header class=\"b-detail__head\">\n<figure class=\"b-detail__img\">\n<p class=\"img img--16x9\" data-text-version=\"Na\u010d\u00edst obr\u00e1zek\"><a class=\"img__holder img__holder--static\" title=\"Na sn\u00edmku zleva polsk\u00fd ministr obrany Wladyslaw Kosiniak-Kamsz a polsk\u00fd ministr vnitra Marcin Kierwi\u0148ski na tiskov\u00e9 konferenci ke spu\u0161t\u011bn\u00ed operace Horizont ve Var\u0161av\u011b ve st\u0159edu 19. listopadu 2025 | Zdroj: TASR \/ Profimedia\" href=\"https:\/\/www.irozhlas.cz\/fotogalerie\/9577478?fid=11982911\"> <img decoding=\"async\" title=\"Na sn\u00edmku zleva polsk\u00fd ministr obrany Wladyslaw Kosiniak-Kamsz a polsk\u00fd ministr vnitra Marcin Kierwi\u0148ski na tiskov\u00e9 konferenci ke spu\u0161t\u011bn\u00ed operace Horizont ve Var\u0161av\u011b ve st\u0159edu 19. listopadu 2025 | Zdroj: TASR \/ Profimedia\" src=\"https:\/\/www.irozhlas.cz\/sites\/default\/files\/styles\/zpravy_otvirak_velky\/public\/uploader\/profimedia-105335877_251121-090627_epo.jpg\" alt=\"Na sn\u00edmku zleva polsk\u00fd ministr obrany Wladyslaw Kosiniak-Kamsz a polsk\u00fd ministr vnitra Marcin Kierwi\u0148ski na tiskov\u00e9 konferenci ke spu\u0161t\u011bn\u00ed operace Horizont ve Var\u0161av\u011b ve st\u0159edu 19. listopadu 2025\"> <\/a><\/p><figcaption class=\"\">Na sn\u00edmku zleva polsk\u00fd ministr obrany Wladyslaw Kosiniak-Kamsz a polsk\u00fd ministr vnitra Marcin Kierwi\u0148ski na tiskov\u00e9 konferenci ke spu\u0161t\u011bn\u00ed operace Horizont ve Var\u0161av\u011b ve st\u0159edu 19. listopadu 2025 | Zdroj: TASR \/ Profimedia<\/figcaption><\/figure>\n<\/header>\n<p>&nbsp;<\/p>\n<p>Sou\u010d\u00e1st\u00ed pr\u00e1ce nasazen\u00fdch voj\u00e1k\u016f bude nap\u0159\u00edklad hl\u00eddkov\u00e1n\u00ed nebo kontrola kritick\u00e9 infrastruktury pomoc\u00ed dron\u016f \u010di vrtuln\u00edk\u016f. Polsko m\u00e1 19 tis\u00edc kilometr\u016f \u017eeleznic. Politici i voj\u00e1ci p\u0159izn\u00e1vaj\u00ed, \u017ee nemohou uhl\u00eddat celou s\u00ed\u0165, a budou se tedy zam\u011b\u0159ovat na d\u016fle\u017eit\u00e9 k\u0159i\u017eovatky nebo nejvyt\u00ed\u017een\u011bj\u0161\u00ed trasy a trasy d\u016fle\u017eit\u00e9 i pro n\u00e1kladn\u00ed p\u0159epravu.<\/p>\n<p>Zdroj: <a href=\"https:\/\/www.irozhlas.cz\/zpravy-svet\/operace-horizont-polsko-vysila-do-terenu-10-tisic-vojaku-chce-predejit-dalsi_2511211109_zko\">https:\/\/www.irozhlas.cz\/zpravy-svet\/operace-horizont-polsko-vysila-do-terenu-10-tisic-vojaku-chce-predejit-dalsi_2511211109_zko<\/a><\/p>\n<p>&nbsp;<\/p>\n","protected":false},"excerpt":{"rendered":"<p>Polsko spou\u0161t\u00ed vojenskou operaci Horizont na ochranu kritick\u00e9 infrastruktury. St\u0159e\u017eit ji bude od p\u00e1tku v ter\u00e9nu 10 tis\u00edc polsk\u00fdch voj\u00e1k\u016f. Do operace budou zapojeni nejen oni, ale tak\u00e9 dal\u0161\u00ed prost\u0159edky ozbrojen\u00fdch sil, v\u010detn\u011b t\u011bch kyberbezpe\u010dnostn\u00edch. Ozn\u00e1mil to velitel Gener\u00e1ln\u00edho \u0161t\u00e1bu polsk\u00fdch ozbrojen\u00fdch sil Wies\u0142aw Kuku\u0142a. D\u016fvodem jsou v\u00edkendov\u00e9 teroristick\u00e9 \u00fatoky na \u017eeleznici. Na sn\u00edmku zleva [&hellip;]<\/p>\n","protected":false},"author":2,"featured_media":0,"comment_status":"open","ping_status":"closed","sticky":false,"template":"","format":"standard","meta":{"ngg_post_thumbnail":0,"footnotes":""},"categories":[24],"tags":[],"class_list":["post-6284","post","type-post","status-publish","format-standard","hentry","category-zajimavosti"],"_links":{"self":[{"href":"https:\/\/www.infopoint.cz\/polsko\/wp-json\/wp\/v2\/posts\/6284","targetHints":{"allow":["GET"]}}],"collection":[{"href":"https:\/\/www.infopoint.cz\/polsko\/wp-json\/wp\/v2\/posts"}],"about":[{"href":"https:\/\/www.infopoint.cz\/polsko\/wp-json\/wp\/v2\/types\/post"}],"author":[{"embeddable":true,"href":"https:\/\/www.infopoint.cz\/polsko\/wp-json\/wp\/v2\/users\/2"}],"replies":[{"embeddable":true,"href":"https:\/\/www.infopoint.cz\/polsko\/wp-json\/wp\/v2\/comments?post=6284"}],"version-history":[{"count":3,"href":"https:\/\/www.infopoint.cz\/polsko\/wp-json\/wp\/v2\/posts\/6284\/revisions"}],"predecessor-version":[{"id":6287,"href":"https:\/\/www.infopoint.cz\/polsko\/wp-json\/wp\/v2\/posts\/6284\/revisions\/6287"}],"wp:attachment":[{"href":"https:\/\/www.infopoint.cz\/polsko\/wp-json\/wp\/v2\/media?parent=6284"}],"wp:term":[{"taxonomy":"category","embeddable":true,"href":"https:\/\/www.infopoint.cz\/polsko\/wp-json\/wp\/v2\/categories?post=6284"},{"taxonomy":"post_tag","embeddable":true,"href":"https:\/\/www.infopoint.cz\/polsko\/wp-json\/wp\/v2\/tags?post=6284"}],"curies":[{"name":"wp","href":"https:\/\/api.w.org\/{rel}","templated":true}]}}