{"id":6289,"date":"2026-01-27T11:56:13","date_gmt":"2026-01-27T10:56:13","guid":{"rendered":"https:\/\/www.infopoint.cz\/polsko\/?p=6289"},"modified":"2026-01-27T11:59:54","modified_gmt":"2026-01-27T10:59:54","slug":"polsko-si-pripomina-osvobozeni-osvetimi","status":"publish","type":"post","link":"https:\/\/www.infopoint.cz\/polsko\/polsko-si-pripomina-osvobozeni-osvetimi\/","title":{"rendered":"Polsko si p\u0159ipom\u00edn\u00e1 osvobozen\u00ed Osv\u011btimi. V zemi stoup\u00e1 z\u00e1jem o pam\u00e1tn\u00edk i o antisemitsk\u00e9 politiky."},"content":{"rendered":"<div class=\"row row--article\">\n<div class=\"col col--main\">\n<div class=\"b-detail\">\n<header class=\"b-detail__head\">\n<blockquote>\n<p class=\"text-bold--m text-md--m text-lg\">P\u0159ed 81. lety vkro\u010dila do n\u011bmeck\u00e9ho vyhlazovac\u00edho t\u00e1bora Auschwitz na \u00fazem\u00ed dne\u0161n\u00edho Polska rud\u00e1 arm\u00e1da. V are\u00e1lu, ve kter\u00e9m nacist\u00e9 zavra\u017edili p\u0159es milion lid\u00ed, na\u0161li 7 tis\u00edc zubo\u017een\u00fdch v\u011bz\u0148\u016f. Miliony ob\u011bt\u00ed holokaustu si v \u00fater\u00fd p\u0159ipom\u00edn\u00e1 cel\u00fd sv\u011bt. N\u011bkte\u0159\u00ed, v\u010detn\u011b \u010d\u00e1sti p\u0159e\u017eiv\u0161\u00edch, p\u0159\u00edmo v are\u00e1lu muzea a pam\u00e1tn\u00edku v Osv\u011btimi. A to v dob\u011b, kdy v Polsku rostou preference politick\u00e9 strany, kter\u00e1 sv\u016fj program stav\u00ed na otev\u0159en\u00e9m antisemitismu.<\/p>\n<p><img decoding=\"async\" draggable=\"false\" src=\"https:\/\/www.irozhlas.cz\/sites\/default\/files\/styles\/zpravy_fotogalerie_large\/public\/uploader\/profimedia-004024961_171109-122432_haf.jpg\"><\/p><\/blockquote>\n<p>P\u0159ed 81. lety vkro\u010dila do n\u011bmeck\u00e9ho vyhlazovac\u00edho t\u00e1bora Auschwitz na \u00fazem\u00ed dne\u0161n\u00edho Polska rud\u00e1 arm\u00e1da (archivn\u00ed foto) | Zdroj: Fotobanka Profimedia<\/p>\n<p>Nacist\u00e9 za druh\u00e9 sv\u011btov\u00e9 v\u00e1lky zavra\u017edili 4 a\u017e 6 milion\u016f obyvatel Polska. V\u011bt\u0161inu ob\u011bt\u00ed tvo\u0159ili \u017eid\u00e9, kter\u00e9 se T\u0159et\u00ed \u0159\u00ed\u0161e sna\u017eila systematicky vyhladit. V r\u00e1mci holokaustu zem\u0159elo celkem 6 milion\u016f evropsk\u00fdch \u017eid\u016f \u2013 uv\u00e1d\u00ed nap\u0159\u00edklad United States Hlocaust Memorial Museum.<\/p>\n<p>Zdroj: <a href=\"https:\/\/www.irozhlas.cz\/veda-technologie\/historie\/polsko-si-pripomina-osvobozeni-osvetimi-v-zemi-stoupa-zajem-o-pamatnik-i-o_2601270642_ntu\">https:\/\/www.irozhlas.cz\/veda-technologie\/historie\/polsko-si-pripomina-osvobozeni-osvetimi-v-zemi-stoupa-zajem-o-pamatnik-i-o_2601270642_ntu<\/a><\/p>\n<\/header>\n<\/div>\n<\/div>\n<\/div>\n","protected":false},"excerpt":{"rendered":"<p>P\u0159ed 81. lety vkro\u010dila do n\u011bmeck\u00e9ho vyhlazovac\u00edho t\u00e1bora Auschwitz na \u00fazem\u00ed dne\u0161n\u00edho Polska rud\u00e1 arm\u00e1da. V are\u00e1lu, ve kter\u00e9m nacist\u00e9 zavra\u017edili p\u0159es milion lid\u00ed, na\u0161li 7 tis\u00edc zubo\u017een\u00fdch v\u011bz\u0148\u016f. Miliony ob\u011bt\u00ed holokaustu si v \u00fater\u00fd p\u0159ipom\u00edn\u00e1 cel\u00fd sv\u011bt. N\u011bkte\u0159\u00ed, v\u010detn\u011b \u010d\u00e1sti p\u0159e\u017eiv\u0161\u00edch, p\u0159\u00edmo v are\u00e1lu muzea a pam\u00e1tn\u00edku v Osv\u011btimi. A to v dob\u011b, kdy [&hellip;]<\/p>\n","protected":false},"author":2,"featured_media":0,"comment_status":"closed","ping_status":"closed","sticky":false,"template":"","format":"standard","meta":{"ngg_post_thumbnail":0,"footnotes":""},"categories":[24],"tags":[],"class_list":["post-6289","post","type-post","status-publish","format-standard","hentry","category-zajimavosti"],"_links":{"self":[{"href":"https:\/\/www.infopoint.cz\/polsko\/wp-json\/wp\/v2\/posts\/6289","targetHints":{"allow":["GET"]}}],"collection":[{"href":"https:\/\/www.infopoint.cz\/polsko\/wp-json\/wp\/v2\/posts"}],"about":[{"href":"https:\/\/www.infopoint.cz\/polsko\/wp-json\/wp\/v2\/types\/post"}],"author":[{"embeddable":true,"href":"https:\/\/www.infopoint.cz\/polsko\/wp-json\/wp\/v2\/users\/2"}],"replies":[{"embeddable":true,"href":"https:\/\/www.infopoint.cz\/polsko\/wp-json\/wp\/v2\/comments?post=6289"}],"version-history":[{"count":4,"href":"https:\/\/www.infopoint.cz\/polsko\/wp-json\/wp\/v2\/posts\/6289\/revisions"}],"predecessor-version":[{"id":6293,"href":"https:\/\/www.infopoint.cz\/polsko\/wp-json\/wp\/v2\/posts\/6289\/revisions\/6293"}],"wp:attachment":[{"href":"https:\/\/www.infopoint.cz\/polsko\/wp-json\/wp\/v2\/media?parent=6289"}],"wp:term":[{"taxonomy":"category","embeddable":true,"href":"https:\/\/www.infopoint.cz\/polsko\/wp-json\/wp\/v2\/categories?post=6289"},{"taxonomy":"post_tag","embeddable":true,"href":"https:\/\/www.infopoint.cz\/polsko\/wp-json\/wp\/v2\/tags?post=6289"}],"curies":[{"name":"wp","href":"https:\/\/api.w.org\/{rel}","templated":true}]}}