{"id":6299,"date":"2026-01-27T17:01:16","date_gmt":"2026-01-27T16:01:16","guid":{"rendered":"https:\/\/www.infopoint.cz\/polsko\/?p=6299"},"modified":"2026-01-31T17:55:12","modified_gmt":"2026-01-31T16:55:12","slug":"polsko-vytvari-na-hranicich-tzv-stit-na-vychod-co-uz-bylo-postaveno","status":"publish","type":"post","link":"https:\/\/www.infopoint.cz\/polsko\/polsko-vytvari-na-hranicich-tzv-stit-na-vychod-co-uz-bylo-postaveno\/","title":{"rendered":"Polsko vytv\u00e1\u0159\u00ed na hranic\u00edch tzv. \u0160t\u00edt na v\u00fdchod. Co u\u017e bylo postaveno?"},"content":{"rendered":"<blockquote><p>V p\u0159edchoz\u00edm roce arm\u00e1da zajistila 60 km v\u00fdchodn\u00ed hranice, letos je pr\u00e1ce na pokryt\u00ed \u00fasek\u016f, kter\u00e9 budou celkem t\u0159ikr\u00e1t del\u0161\u00ed.<\/p><\/blockquote>\n<p>Podle Gener\u00e1ln\u00edho \u0161t\u00e1bu polsk\u00e9 arm\u00e1dy, kter\u00fd je zodpov\u011bdn\u00fd za vznik V\u00fdchodn\u00edho \u0161t\u00edtu, byla v p\u0159edchoz\u00edm roce provedena in\u017een\u00fdrsk\u00e1 bezpe\u010dnost 60 km st\u00e1tn\u00ed hranice s Ruskem a B\u011bloruskem. Na \u00faseku cca 10 km se stav\u011bli tzv. betonov\u00ed je\u017eci. Na zb\u00fdvaj\u00edc\u00edch 50 km byla p\u0159ipravena plocha pro betonov\u00e9 p\u0159ek\u00e1\u017eky, kter\u00e1 byla nashrom\u00e1\u017ed\u011bna ve 13 vojensk\u00fdch materi\u00e1lov\u00fdch kompozic\u00edch. Arm\u00e1da je postav\u00ed na poli, a\u017e obdr\u017e\u00ed informace o shroma\u017e\u010fov\u00e1n\u00ed nep\u0159\u00e1telsk\u00fdch sil na na\u0161\u00ed hranici.<\/p>\n<p class=\"article--media--title\">V\u00fdchodn\u00ed \u0161t\u00edt m\u00e1 vzniknout do t\u0159\u00ed let<\/p>\n<p class=\"image--author\">Foto: PAP<\/p>\n<p><img decoding=\"async\" src=\"https:\/\/i.gremicdn.pl\/image\/free\/641aedd95bcc9bb74cf040637a8c4b2d\/tarcza-wschod-ma-powstac-w-ciagu-trzech-lat?t=resize:fit:564:0,enlarge:1\" alt=\"https:\/\/i.gremicdn.pl\/image\/free\/641aedd95bcc9bb74cf040637a8c4b2d\/tarcza-wschod-ma-powstac-w-ciagu-trzech-lat?t=resize:fit:564:0,enlarge:1\"><\/p>\n<p class=\"image--author\">Foto: PAP<\/p>\n<p>Zdroj: <a href=\"https:\/\/www.rp.pl\/wojsko\/art43703271-polska-tworzy-na-granicy-tzw-tarcze-wschod-co-juz-zbudowano\">https:\/\/www.rp.pl\/wojsko\/art43703271-polska-tworzy-na-granicy-tzw-tarcze-wschod-co-juz-zbudowano<\/a><\/p>\n","protected":false},"excerpt":{"rendered":"<p>V p\u0159edchoz\u00edm roce arm\u00e1da zajistila 60 km v\u00fdchodn\u00ed hranice, letos je pr\u00e1ce na pokryt\u00ed \u00fasek\u016f, kter\u00e9 budou celkem t\u0159ikr\u00e1t del\u0161\u00ed. Podle Gener\u00e1ln\u00edho \u0161t\u00e1bu polsk\u00e9 arm\u00e1dy, kter\u00fd je zodpov\u011bdn\u00fd za vznik V\u00fdchodn\u00edho \u0161t\u00edtu, byla v p\u0159edchoz\u00edm roce provedena in\u017een\u00fdrsk\u00e1 bezpe\u010dnost 60 km st\u00e1tn\u00ed hranice s Ruskem a B\u011bloruskem. Na \u00faseku cca 10 km se stav\u011bli tzv. [&hellip;]<\/p>\n","protected":false},"author":2,"featured_media":0,"comment_status":"closed","ping_status":"closed","sticky":false,"template":"","format":"standard","meta":{"ngg_post_thumbnail":0,"footnotes":""},"categories":[24],"tags":[],"class_list":["post-6299","post","type-post","status-publish","format-standard","hentry","category-zajimavosti"],"_links":{"self":[{"href":"https:\/\/www.infopoint.cz\/polsko\/wp-json\/wp\/v2\/posts\/6299","targetHints":{"allow":["GET"]}}],"collection":[{"href":"https:\/\/www.infopoint.cz\/polsko\/wp-json\/wp\/v2\/posts"}],"about":[{"href":"https:\/\/www.infopoint.cz\/polsko\/wp-json\/wp\/v2\/types\/post"}],"author":[{"embeddable":true,"href":"https:\/\/www.infopoint.cz\/polsko\/wp-json\/wp\/v2\/users\/2"}],"replies":[{"embeddable":true,"href":"https:\/\/www.infopoint.cz\/polsko\/wp-json\/wp\/v2\/comments?post=6299"}],"version-history":[{"count":2,"href":"https:\/\/www.infopoint.cz\/polsko\/wp-json\/wp\/v2\/posts\/6299\/revisions"}],"predecessor-version":[{"id":6301,"href":"https:\/\/www.infopoint.cz\/polsko\/wp-json\/wp\/v2\/posts\/6299\/revisions\/6301"}],"wp:attachment":[{"href":"https:\/\/www.infopoint.cz\/polsko\/wp-json\/wp\/v2\/media?parent=6299"}],"wp:term":[{"taxonomy":"category","embeddable":true,"href":"https:\/\/www.infopoint.cz\/polsko\/wp-json\/wp\/v2\/categories?post=6299"},{"taxonomy":"post_tag","embeddable":true,"href":"https:\/\/www.infopoint.cz\/polsko\/wp-json\/wp\/v2\/tags?post=6299"}],"curies":[{"name":"wp","href":"https:\/\/api.w.org\/{rel}","templated":true}]}}