{"id":6304,"date":"2026-02-19T08:34:12","date_gmt":"2026-02-19T07:34:12","guid":{"rendered":"https:\/\/www.infopoint.cz\/polsko\/?p=6304"},"modified":"2026-03-05T08:44:06","modified_gmt":"2026-03-05T07:44:06","slug":"valka-nezacne-vzdy-vystrelem-karol-nawrocki-rozhodl-o-pripadu-lex-huawei","status":"publish","type":"post","link":"https:\/\/www.infopoint.cz\/polsko\/valka-nezacne-vzdy-vystrelem-karol-nawrocki-rozhodl-o-pripadu-lex-huawei\/","title":{"rendered":"V\u00e1lka neza\u010dne v\u017edy v\u00fdst\u0159elem.&#8220; Karol Nawrocki rozhodl o p\u0159\u00edpadu Lex Huawei"},"content":{"rendered":"<section class=\"main\">\n<div class=\"article_header \" style=\"text-align: left;\">\n<div class=\"article_lead\">\n<p class=\"article_p\" data-section=\"detail-body\">&#8222;Bezpe\u010dnost nem\u00e1 \u017e\u00e1dn\u00e9 stranick\u00e9 barvy, proto jsem podepsal tento z\u00e1kon,&#8220; \u0159ekl Karol Nawrocki ve videu zve\u0159ejn\u011bn\u00e9m na Portal X. Jde o novelu z\u00e1kona o n\u00e1rodn\u00edm syst\u00e9mu kybernetick\u00e9 bezpe\u010dnosti, \u010dasto naz\u00fdvan\u00e9mu Lex Huawei.<\/p>\n<\/div>\n<div class=\"teaser-image_container \"><picture><source srcset=\"https:\/\/ocdn.eu\/pulscms-transforms\/1\/CBrk9kpTURBXy80MTU5NDFjNWM0OWE1MTFiZDY1NGQ2NzA1NDRjMmM4Mi5qcGeSlQMAJ80HbM0ELJMFzQOYzQHM3gACoTAGoTEB, https:\/\/ocdn.eu\/pulscms-transforms\/1\/UX6k9kpTURBXy80MTU5NDFjNWM0OWE1MTFiZDY1NGQ2NzA1NDRjMmM4Mi5qcGeSlQMAJ80HbM0ELJMFzQVkzQKy3gACoTAGoTEB 1.5x, https:\/\/ocdn.eu\/pulscms-transforms\/1\/xaOk9kpTURBXy80MTU5NDFjNWM0OWE1MTFiZDY1NGQ2NzA1NDRjMmM4Mi5qcGeSlQMAJ80HbM0ELJMFzQcwzQOY3gACoTAGoTEB 2x\" type=\"image\/avif\"><source srcset=\"https:\/\/ocdn.eu\/pulscms-transforms\/1\/uEhk9kpTURBXy80MTU5NDFjNWM0OWE1MTFiZDY1NGQ2NzA1NDRjMmM4Mi5qcGeSlQMAJ80HbM0ELJMFzQOYzQHM3gACoTAFoTEB, https:\/\/ocdn.eu\/pulscms-transforms\/1\/Uqjk9kpTURBXy80MTU5NDFjNWM0OWE1MTFiZDY1NGQ2NzA1NDRjMmM4Mi5qcGeSlQMAJ80HbM0ELJMFzQVkzQKy3gACoTAFoTEB 1.5x, https:\/\/ocdn.eu\/pulscms-transforms\/1\/ZoBk9kpTURBXy80MTU5NDFjNWM0OWE1MTFiZDY1NGQ2NzA1NDRjMmM4Mi5qcGeSlQMAJ80HbM0ELJMFzQcwzQOY3gACoTAFoTEB 2x\" type=\"image\/webp\"><img loading=\"lazy\" decoding=\"async\" class=\"article-image_container--img\" src=\"https:\/\/ocdn.eu\/pulscms-transforms\/1\/tDek9kpTURBXy80MTU5NDFjNWM0OWE1MTFiZDY1NGQ2NzA1NDRjMmM4Mi5qcGeSlQMAJ80HbM0ELJMFzQSwzQJY3gABoTAB\" alt=\"Prezident Karol Nawrocki podepsal z\u00e1kon o kybernetick\u00e9 bezpe\u010dnosti\" width=\"920\" height=\"460\"> <\/picture><\/div>\n<p class=\"article_image\">Prezident Karol Nawrocki podepsal z\u00e1kon o kybernetick\u00e9 bezpe\u010dnosti <span class=\"article-image_source\"><span class=\"article-image_source\"><span class=\"article-image_source\"><span class=\"article-copyright_separator\">| |<\/span> Foto: Wojciech Olkusnik\/V\u00fdchodn\u00ed zpr\u00e1vy \/ V\u00fdchodn\u00ed zpr\u00e1vy<\/span><\/span><\/span><\/p>\n<p>P\u0159i podpisu novely z\u00e1kona o n\u00e1rodn\u00edm syst\u00e9mu kybernetick\u00e9 bezpe\u010dnosti dodal, \u017ee digit\u00e1ln\u00ed bezpe\u010dnost je dnes prvkem st\u00e1tn\u00ed bezpe\u010dnosti. \u201eTento z\u00e1kon posiluje obrann\u00e9 mechanismy, zlep\u0161uje spolupr\u00e1ci instituc\u00ed a umo\u017e\u0148uje eliminovat vysoce rizikov\u00e9 poskytovatele,\u201c \u0159ekl.<\/p>\n<p>Zdroj: <a href=\"https:\/\/businessinsider.com.pl\/prawo\/firma\/karol-nawrocki-podpisal-lex-huawei-prezydent-podkresla-ryzyko-dla-przedsiebiorcow\/drs2z3q\">https:\/\/businessinsider.com.pl\/prawo\/firma\/karol-nawrocki-podpisal-lex-huawei-prezydent-podkresla-ryzyko-dla-przedsiebiorcow\/drs2z3q<\/a>&nbsp;<\/p>\n<p>&nbsp;<\/p>\n<\/div>\n<\/section>\n<section class=\"all-columns-wide \">\n<aside class=\" collapsed\" data-run-module=\"local\/main.commercialBreak\" data-configuration=\"{&quot;slotName&quot;:&quot;layer&quot;,&quot;querySelector&quot;:&quot;body .main.whitelistPremium a, .see-also-popular a&quot;,&quot;blackList&quot;:[],&quot;extraData&quot;:{&quot;layer&quot;:{&quot;lazy&quot;:&quot;0&quot;}},&quot;enabled&quot;:true,&quot;displayIndex&quot;:3}\"><\/aside>\n<aside class=\"placeholder screening wide floating\" data-run-module=\"local\/main.simpleAd\" data-configuration=\"{&quot;slotName&quot;:&quot;top&quot;,&quot;enabled&quot;:true,&quot;displayIndex&quot;:4}\"><\/aside>\n<\/section>\n","protected":false},"excerpt":{"rendered":"<p>&#8222;Bezpe\u010dnost nem\u00e1 \u017e\u00e1dn\u00e9 stranick\u00e9 barvy, proto jsem podepsal tento z\u00e1kon,&#8220; \u0159ekl Karol Nawrocki ve videu zve\u0159ejn\u011bn\u00e9m na Portal X. Jde o novelu z\u00e1kona o n\u00e1rodn\u00edm syst\u00e9mu kybernetick\u00e9 bezpe\u010dnosti, \u010dasto naz\u00fdvan\u00e9mu Lex Huawei. Prezident Karol Nawrocki podepsal z\u00e1kon o kybernetick\u00e9 bezpe\u010dnosti | | Foto: Wojciech Olkusnik\/V\u00fdchodn\u00ed zpr\u00e1vy \/ V\u00fdchodn\u00ed zpr\u00e1vy P\u0159i podpisu novely z\u00e1kona o n\u00e1rodn\u00edm [&hellip;]<\/p>\n","protected":false},"author":2,"featured_media":0,"comment_status":"closed","ping_status":"closed","sticky":false,"template":"","format":"standard","meta":{"ngg_post_thumbnail":0,"footnotes":""},"categories":[24],"tags":[],"class_list":["post-6304","post","type-post","status-publish","format-standard","hentry","category-zajimavosti"],"_links":{"self":[{"href":"https:\/\/www.infopoint.cz\/polsko\/wp-json\/wp\/v2\/posts\/6304","targetHints":{"allow":["GET"]}}],"collection":[{"href":"https:\/\/www.infopoint.cz\/polsko\/wp-json\/wp\/v2\/posts"}],"about":[{"href":"https:\/\/www.infopoint.cz\/polsko\/wp-json\/wp\/v2\/types\/post"}],"author":[{"embeddable":true,"href":"https:\/\/www.infopoint.cz\/polsko\/wp-json\/wp\/v2\/users\/2"}],"replies":[{"embeddable":true,"href":"https:\/\/www.infopoint.cz\/polsko\/wp-json\/wp\/v2\/comments?post=6304"}],"version-history":[{"count":5,"href":"https:\/\/www.infopoint.cz\/polsko\/wp-json\/wp\/v2\/posts\/6304\/revisions"}],"predecessor-version":[{"id":6309,"href":"https:\/\/www.infopoint.cz\/polsko\/wp-json\/wp\/v2\/posts\/6304\/revisions\/6309"}],"wp:attachment":[{"href":"https:\/\/www.infopoint.cz\/polsko\/wp-json\/wp\/v2\/media?parent=6304"}],"wp:term":[{"taxonomy":"category","embeddable":true,"href":"https:\/\/www.infopoint.cz\/polsko\/wp-json\/wp\/v2\/categories?post=6304"},{"taxonomy":"post_tag","embeddable":true,"href":"https:\/\/www.infopoint.cz\/polsko\/wp-json\/wp\/v2\/tags?post=6304"}],"curies":[{"name":"wp","href":"https:\/\/api.w.org\/{rel}","templated":true}]}}