{"id":695,"date":"2016-02-22T21:26:06","date_gmt":"2016-02-22T20:26:06","guid":{"rendered":"http:\/\/www.infopoint.cz\/polsko\/?p=695"},"modified":"2018-06-19T10:25:54","modified_gmt":"2018-06-19T08:25:54","slug":"fotografie-a-vcely","status":"publish","type":"post","link":"https:\/\/www.infopoint.cz\/polsko\/fotografie-a-vcely\/","title":{"rendered":"Fotografie a v\u010dely"},"content":{"rendered":"<p><a class=\"ngg-fancybox\" title=\" \" href=\"\/\/www.infopoint.cz\/polsko\/wp-content\/uploads\/sites\/22\/nggallery\/fotografie-a-vcely\/m014.jpg\" rel=\"\" data-image-id=\"149\" data-src=\"\/\/www.infopoint.cz\/polsko\/wp-content\/uploads\/sites\/22\/nggallery\/fotografie-a-vcely\/m014.jpg\" data-thumbnail=\"\/\/www.infopoint.cz\/polsko\/wp-content\/uploads\/sites\/22\/nggallery\/fotografie-a-vcely\/thumbs\/thumbs_m014.jpg\" data-title=\"m014\" data-description=\" \"><img decoding=\"async\" class=\"ngg-singlepic ngg-left alignleft\" src=\"\/\/www.infopoint.cz\/polsko\/wp-content\/uploads\/sites\/22\/nggallery\/fotografie-a-vcely\/thumbs\/thumbs_m014.jpg\" alt=\"m014\"><\/a>Tentokr\u00e1t v \u00fazk\u00e9m krou\u017eku jsme nav\u0161t\u00edv\u00edli v <a href=\"\/\/www.owzpap.pl\/\" target=\"_blank\" rel=\"noopener\">DOMU ARTYSTY PLASTYKA&nbsp;<\/a> v\u00fdstavy&nbsp;<a href=\"\/\/owzpap.org\/wystawy\/wojciech-tut-chechlinski-kalejdoskop\/\" target=\"_blank\" rel=\"noopener\">Wystawa malarstwa Wojciecha \u201eTut\u201d Chechli\u0144skiego \u201eKalejdoskop\u201d<\/a> a <a href=\"\/\/owzpap.org\/wystawy\/emilia-skarbek-i-graham-newman-australia-dwa-spojrzenia\/\" target=\"_blank\" rel=\"noopener\">Australia &#8211; Dwa spojrzenia | Emilia Skarbek i Graham Newman.<\/a> Ostan\u00ed byli pro nemoc omluveni. <a class=\"ngg-fancybox\" title=\" \" href=\"\/\/www.infopoint.cz\/polsko\/wp-content\/uploads\/sites\/22\/nggallery\/fotografie-a-vcely\/m017.jpg\" rel=\"\" data-image-id=\"152\" data-src=\"\/\/www.infopoint.cz\/polsko\/wp-content\/uploads\/sites\/22\/nggallery\/fotografie-a-vcely\/m017.jpg\" data-thumbnail=\"\/\/www.infopoint.cz\/polsko\/wp-content\/uploads\/sites\/22\/nggallery\/fotografie-a-vcely\/thumbs\/thumbs_m017.jpg\" data-title=\"m017\" data-description=\" \"><img decoding=\"async\" class=\"ngg-singlepic ngg-right alignright\" src=\"\/\/www.infopoint.cz\/polsko\/wp-content\/uploads\/sites\/22\/nggallery\/fotografie-a-vcely\/thumbs\/thumbs_m017.jpg\" alt=\"m017\"><\/a><\/p>\n<p>Potom jsme do\u0161li do&nbsp;<a href=\"\/\/www.ethnomuseum.pl\/\" target=\"_blank\" rel=\"noopener\">Etnografick\u00e9ho muzea<\/a> na fotografie <a href=\"\/\/www.ethnomuseum.pl\/czasowe.html#bartnicy\" target=\"_blank\" rel=\"noopener\">Krzysztofa Hejke dokumentuj\u00edc\u00ed evropsk\u00e9 v\u010dela\u0159stv\u00ed<\/a> dopln\u011bn\u00e9 skute\u010dn\u00fdmi p\u0159edm\u011bty, co v\u010dela\u0159i ke sv\u00e9 pr\u00e1ci pot\u0159ebovali.<\/p>\n<p>Cestou na prvn\u00ed v\u00fdstavu, si Dana v n\u011bjak\u00e9m pr\u016fchodu v\u0161imla inzer\u00e1tu na jinou v\u00fdstavu. Zaujalo ji to a \u0161la po stop\u011b jako oha\u0159. Dovedla n\u00e1s do bar\u00e1ku pln\u00e9ho pr\u00e1vn\u00edk\u016f. Koho by napadlo, \u017ee v druh\u00e9m pat\u0159e, n\u011bco takov\u00e9ho bude. <a class=\"ngg-fancybox\" title=\" \" href=\"\/\/www.infopoint.cz\/polsko\/wp-content\/uploads\/sites\/22\/nggallery\/fotografie-a-vcely\/m005.jpg\" rel=\"\" data-image-id=\"140\" data-src=\"\/\/www.infopoint.cz\/polsko\/wp-content\/uploads\/sites\/22\/nggallery\/fotografie-a-vcely\/m005.jpg\" data-thumbnail=\"\/\/www.infopoint.cz\/polsko\/wp-content\/uploads\/sites\/22\/nggallery\/fotografie-a-vcely\/thumbs\/thumbs_m005.jpg\" data-title=\"m005\" data-description=\" \"><img decoding=\"async\" class=\"ngg-singlepic ngg-left alignleft\" src=\"\/\/www.infopoint.cz\/polsko\/wp-content\/uploads\/sites\/22\/nggallery\/fotografie-a-vcely\/thumbs\/thumbs_m005.jpg\" alt=\"m005\"><\/a><\/p>\n<p>Proch\u00e1zeli jsme dlouhou chodbou osv\u011btlenou z\u00e1\u0159ivkami, st\u011bny z umakartu a typick\u00fd zatuchl\u00fd vzduch, p\u0159esn\u011b<a class=\"ngg-fancybox\" title=\" \" href=\"\/\/www.infopoint.cz\/polsko\/wp-content\/uploads\/sites\/22\/nggallery\/fotografie-a-vcely\/m001.jpg\" rel=\"\" data-image-id=\"136\" data-src=\"\/\/www.infopoint.cz\/polsko\/wp-content\/uploads\/sites\/22\/nggallery\/fotografie-a-vcely\/m001.jpg\" data-thumbnail=\"\/\/www.infopoint.cz\/polsko\/wp-content\/uploads\/sites\/22\/nggallery\/fotografie-a-vcely\/thumbs\/thumbs_m001.jpg\" data-title=\"m001\" data-description=\" \"><img decoding=\"async\" class=\"ngg-singlepic ngg-right alignright\" src=\"\/\/www.infopoint.cz\/polsko\/wp-content\/uploads\/sites\/22\/nggallery\/fotografie-a-vcely\/thumbs\/thumbs_m001.jpg\" alt=\"m001\"><\/a> jako si pamatujeme z na\u0161eho d\u011btstv\u00ed.<\/p>\n<p>Opatrn\u011b jsme na\u0161lapovali po star\u00e9 podlaze a hledali ty spr\u00e1vn\u00e9 dve\u0159e. Za nimi v mal\u00e9 m\u00edstnosti se ukr\u00fdvala prodejn\u00ed v\u00fdstava obraz\u016f, fotografi\u00ed a jin\u00fdch um\u011bleck\u00fdch kousk\u016f. Dana byla nad\u0161en\u00e1!<\/p>\n<p><!-- default-view.php -->\n<div\n\tclass=\"ngg-galleryoverview default-view\n\t ngg-ajax-pagination-none\t\"\n\tid=\"ngg-gallery-a960f8bc5fea78180dba57155a482353-1\"\n\tdata-gallery-id=\"8\">\n\n\t\t<!-- Thumbnails -->\n\t\t\t\t<div id=\"ngg-image-0\" class=\"ngg-gallery-thumbnail-box\n\t\t\t\t\t\t\t\t\t\t\t\"\n\t\t\t>\n\t\t\t\t\t\t<div class=\"ngg-gallery-thumbnail\">\n\t\t\t<a href=\"https:\/\/www.infopoint.cz\/polsko\/wp-content\/uploads\/sites\/22\/nggallery\/fotografie-a-vcely\/m001.jpg\"\n\t\t\t\ttitle=\"\"\n\t\t\t\tdata-src=\"https:\/\/www.infopoint.cz\/polsko\/wp-content\/uploads\/sites\/22\/nggallery\/fotografie-a-vcely\/m001.jpg\"\n\t\t\t\tdata-thumbnail=\"https:\/\/www.infopoint.cz\/polsko\/wp-content\/uploads\/sites\/22\/nggallery\/fotografie-a-vcely\/thumbs\/thumbs_m001.jpg\"\n\t\t\t\tdata-image-id=\"136\"\n\t\t\t\tdata-title=\"m001\"\n\t\t\t\tdata-description=\"\"\n\t\t\t\tdata-image-slug=\"m001-8\"\n\t\t\t\t\t\t\t\t\t\t\t\t\t\t\t\t\t\t\t\tclass=\"ngg-fancybox\" rel=\"a960f8bc5fea78180dba57155a482353\">\n\t\t\t\t\t\t\t\t<img\n\t\t\t\t\ttitle=\"m001\"\n\t\t\t\t\talt=\"m001\"\n\t\t\t\t\tsrc=\"https:\/\/www.infopoint.cz\/polsko\/wp-content\/uploads\/sites\/22\/nggallery\/fotografie-a-vcely\/cache\/m001.jpg-nggid03136-ngg0dyn-215x130x100-00f0w010c011r110f110r010t010.jpg\"\n\t\t\t\t\twidth=\"215\"\n\t\t\t\t\theight=\"130\"\n\t\t\t\t\tstyle=\"max-width:100%;\"\n\t\t\t\t\/>\n\t\t\t<\/a>\n\t\t<\/div>\n\t\t\t\t\t\t\t<\/div>\n\t\t\t\n\t\t\t\t<div id=\"ngg-image-1\" class=\"ngg-gallery-thumbnail-box\n\t\t\t\t\t\t\t\t\t\t\t\"\n\t\t\t>\n\t\t\t\t\t\t<div class=\"ngg-gallery-thumbnail\">\n\t\t\t<a href=\"https:\/\/www.infopoint.cz\/polsko\/wp-content\/uploads\/sites\/22\/nggallery\/fotografie-a-vcely\/m002.jpg\"\n\t\t\t\ttitle=\"\"\n\t\t\t\tdata-src=\"https:\/\/www.infopoint.cz\/polsko\/wp-content\/uploads\/sites\/22\/nggallery\/fotografie-a-vcely\/m002.jpg\"\n\t\t\t\tdata-thumbnail=\"https:\/\/www.infopoint.cz\/polsko\/wp-content\/uploads\/sites\/22\/nggallery\/fotografie-a-vcely\/thumbs\/thumbs_m002.jpg\"\n\t\t\t\tdata-image-id=\"137\"\n\t\t\t\tdata-title=\"m002\"\n\t\t\t\tdata-description=\"\"\n\t\t\t\tdata-image-slug=\"m002-9\"\n\t\t\t\t\t\t\t\t\t\t\t\t\t\t\t\t\t\t\t\tclass=\"ngg-fancybox\" rel=\"a960f8bc5fea78180dba57155a482353\">\n\t\t\t\t\t\t\t\t<img\n\t\t\t\t\ttitle=\"m002\"\n\t\t\t\t\talt=\"m002\"\n\t\t\t\t\tsrc=\"https:\/\/www.infopoint.cz\/polsko\/wp-content\/uploads\/sites\/22\/nggallery\/fotografie-a-vcely\/cache\/m002.jpg-nggid03137-ngg0dyn-215x130x100-00f0w010c011r110f110r010t010.jpg\"\n\t\t\t\t\twidth=\"215\"\n\t\t\t\t\theight=\"130\"\n\t\t\t\t\tstyle=\"max-width:100%;\"\n\t\t\t\t\/>\n\t\t\t<\/a>\n\t\t<\/div>\n\t\t\t\t\t\t\t<\/div>\n\t\t\t\n\t\t\t\t<div id=\"ngg-image-2\" class=\"ngg-gallery-thumbnail-box\n\t\t\t\t\t\t\t\t\t\t\t\"\n\t\t\t>\n\t\t\t\t\t\t<div class=\"ngg-gallery-thumbnail\">\n\t\t\t<a href=\"https:\/\/www.infopoint.cz\/polsko\/wp-content\/uploads\/sites\/22\/nggallery\/fotografie-a-vcely\/m003.jpg\"\n\t\t\t\ttitle=\"\"\n\t\t\t\tdata-src=\"https:\/\/www.infopoint.cz\/polsko\/wp-content\/uploads\/sites\/22\/nggallery\/fotografie-a-vcely\/m003.jpg\"\n\t\t\t\tdata-thumbnail=\"https:\/\/www.infopoint.cz\/polsko\/wp-content\/uploads\/sites\/22\/nggallery\/fotografie-a-vcely\/thumbs\/thumbs_m003.jpg\"\n\t\t\t\tdata-image-id=\"138\"\n\t\t\t\tdata-title=\"m003\"\n\t\t\t\tdata-description=\"\"\n\t\t\t\tdata-image-slug=\"m003-9\"\n\t\t\t\t\t\t\t\t\t\t\t\t\t\t\t\t\t\t\t\tclass=\"ngg-fancybox\" rel=\"a960f8bc5fea78180dba57155a482353\">\n\t\t\t\t\t\t\t\t<img\n\t\t\t\t\ttitle=\"m003\"\n\t\t\t\t\talt=\"m003\"\n\t\t\t\t\tsrc=\"https:\/\/www.infopoint.cz\/polsko\/wp-content\/uploads\/sites\/22\/nggallery\/fotografie-a-vcely\/cache\/m003.jpg-nggid03138-ngg0dyn-215x130x100-00f0w010c011r110f110r010t010.jpg\"\n\t\t\t\t\twidth=\"215\"\n\t\t\t\t\theight=\"130\"\n\t\t\t\t\tstyle=\"max-width:100%;\"\n\t\t\t\t\/>\n\t\t\t<\/a>\n\t\t<\/div>\n\t\t\t\t\t\t\t<\/div>\n\t\t\t\n\t\t\t\t<div id=\"ngg-image-3\" class=\"ngg-gallery-thumbnail-box\n\t\t\t\t\t\t\t\t\t\t\t\"\n\t\t\t>\n\t\t\t\t\t\t<div class=\"ngg-gallery-thumbnail\">\n\t\t\t<a href=\"https:\/\/www.infopoint.cz\/polsko\/wp-content\/uploads\/sites\/22\/nggallery\/fotografie-a-vcely\/m004.jpg\"\n\t\t\t\ttitle=\"\"\n\t\t\t\tdata-src=\"https:\/\/www.infopoint.cz\/polsko\/wp-content\/uploads\/sites\/22\/nggallery\/fotografie-a-vcely\/m004.jpg\"\n\t\t\t\tdata-thumbnail=\"https:\/\/www.infopoint.cz\/polsko\/wp-content\/uploads\/sites\/22\/nggallery\/fotografie-a-vcely\/thumbs\/thumbs_m004.jpg\"\n\t\t\t\tdata-image-id=\"139\"\n\t\t\t\tdata-title=\"m004\"\n\t\t\t\tdata-description=\"\"\n\t\t\t\tdata-image-slug=\"m004-9\"\n\t\t\t\t\t\t\t\t\t\t\t\t\t\t\t\t\t\t\t\tclass=\"ngg-fancybox\" rel=\"a960f8bc5fea78180dba57155a482353\">\n\t\t\t\t\t\t\t\t<img\n\t\t\t\t\ttitle=\"m004\"\n\t\t\t\t\talt=\"m004\"\n\t\t\t\t\tsrc=\"https:\/\/www.infopoint.cz\/polsko\/wp-content\/uploads\/sites\/22\/nggallery\/fotografie-a-vcely\/cache\/m004.jpg-nggid03139-ngg0dyn-215x130x100-00f0w010c011r110f110r010t010.jpg\"\n\t\t\t\t\twidth=\"215\"\n\t\t\t\t\theight=\"130\"\n\t\t\t\t\tstyle=\"max-width:100%;\"\n\t\t\t\t\/>\n\t\t\t<\/a>\n\t\t<\/div>\n\t\t\t\t\t\t\t<\/div>\n\t\t\t\n\t\t\t\t<div id=\"ngg-image-4\" class=\"ngg-gallery-thumbnail-box\n\t\t\t\t\t\t\t\t\t\t\t\"\n\t\t\t>\n\t\t\t\t\t\t<div class=\"ngg-gallery-thumbnail\">\n\t\t\t<a href=\"https:\/\/www.infopoint.cz\/polsko\/wp-content\/uploads\/sites\/22\/nggallery\/fotografie-a-vcely\/m005.jpg\"\n\t\t\t\ttitle=\"\"\n\t\t\t\tdata-src=\"https:\/\/www.infopoint.cz\/polsko\/wp-content\/uploads\/sites\/22\/nggallery\/fotografie-a-vcely\/m005.jpg\"\n\t\t\t\tdata-thumbnail=\"https:\/\/www.infopoint.cz\/polsko\/wp-content\/uploads\/sites\/22\/nggallery\/fotografie-a-vcely\/thumbs\/thumbs_m005.jpg\"\n\t\t\t\tdata-image-id=\"140\"\n\t\t\t\tdata-title=\"m005\"\n\t\t\t\tdata-description=\"\"\n\t\t\t\tdata-image-slug=\"m005-9\"\n\t\t\t\t\t\t\t\t\t\t\t\t\t\t\t\t\t\t\t\tclass=\"ngg-fancybox\" rel=\"a960f8bc5fea78180dba57155a482353\">\n\t\t\t\t\t\t\t\t<img\n\t\t\t\t\ttitle=\"m005\"\n\t\t\t\t\talt=\"m005\"\n\t\t\t\t\tsrc=\"https:\/\/www.infopoint.cz\/polsko\/wp-content\/uploads\/sites\/22\/nggallery\/fotografie-a-vcely\/cache\/m005.jpg-nggid03140-ngg0dyn-215x130x100-00f0w010c011r110f110r010t010.jpg\"\n\t\t\t\t\twidth=\"215\"\n\t\t\t\t\theight=\"130\"\n\t\t\t\t\tstyle=\"max-width:100%;\"\n\t\t\t\t\/>\n\t\t\t<\/a>\n\t\t<\/div>\n\t\t\t\t\t\t\t<\/div>\n\t\t\t\n\t\t\t\t<div id=\"ngg-image-5\" class=\"ngg-gallery-thumbnail-box\n\t\t\t\t\t\t\t\t\t\t\t\"\n\t\t\t>\n\t\t\t\t\t\t<div class=\"ngg-gallery-thumbnail\">\n\t\t\t<a href=\"https:\/\/www.infopoint.cz\/polsko\/wp-content\/uploads\/sites\/22\/nggallery\/fotografie-a-vcely\/m006.jpg\"\n\t\t\t\ttitle=\"\"\n\t\t\t\tdata-src=\"https:\/\/www.infopoint.cz\/polsko\/wp-content\/uploads\/sites\/22\/nggallery\/fotografie-a-vcely\/m006.jpg\"\n\t\t\t\tdata-thumbnail=\"https:\/\/www.infopoint.cz\/polsko\/wp-content\/uploads\/sites\/22\/nggallery\/fotografie-a-vcely\/thumbs\/thumbs_m006.jpg\"\n\t\t\t\tdata-image-id=\"141\"\n\t\t\t\tdata-title=\"m006\"\n\t\t\t\tdata-description=\"\"\n\t\t\t\tdata-image-slug=\"m006-9\"\n\t\t\t\t\t\t\t\t\t\t\t\t\t\t\t\t\t\t\t\tclass=\"ngg-fancybox\" rel=\"a960f8bc5fea78180dba57155a482353\">\n\t\t\t\t\t\t\t\t<img\n\t\t\t\t\ttitle=\"m006\"\n\t\t\t\t\talt=\"m006\"\n\t\t\t\t\tsrc=\"https:\/\/www.infopoint.cz\/polsko\/wp-content\/uploads\/sites\/22\/nggallery\/fotografie-a-vcely\/cache\/m006.jpg-nggid03141-ngg0dyn-215x130x100-00f0w010c011r110f110r010t010.jpg\"\n\t\t\t\t\twidth=\"215\"\n\t\t\t\t\theight=\"130\"\n\t\t\t\t\tstyle=\"max-width:100%;\"\n\t\t\t\t\/>\n\t\t\t<\/a>\n\t\t<\/div>\n\t\t\t\t\t\t\t<\/div>\n\t\t\t\n\t\n\t<br style=\"clear: both\" \/>\n\n\t\n\t\t<!-- Pagination -->\n\t\t<div class='ngg-navigation'><span class='current'>1<\/span>\n<a class='page-numbers' data-pageid='2' href='https:\/\/www.infopoint.cz\/polsko\/fotografie-a-vcely\/nggallery\/page\/2?doing_wp_cron=1777279406.4362800121307373046875'>2<\/a>\n<a class='page-numbers' data-pageid='3' href='https:\/\/www.infopoint.cz\/polsko\/fotografie-a-vcely\/nggallery\/page\/3?doing_wp_cron=1777279406.4362800121307373046875'>3<\/a>\n<a class='prev' href='https:\/\/www.infopoint.cz\/polsko\/fotografie-a-vcely\/nggallery\/page\/2?doing_wp_cron=1777279406.4362800121307373046875' data-pageid=\"2\">&#9658;<\/a><\/div>\t<\/div>\n<\/p>\n<p>&nbsp;<\/p>\n<p>&nbsp;<\/p>\n","protected":false},"excerpt":{"rendered":"<p>Tentokr\u00e1t v \u00fazk\u00e9m krou\u017eku jsme nav\u0161t\u00edv\u00edli v DOMU ARTYSTY PLASTYKA&nbsp; v\u00fdstavy&nbsp;Wystawa malarstwa Wojciecha \u201eTut\u201d Chechli\u0144skiego \u201eKalejdoskop\u201d a Australia &#8211; Dwa spojrzenia | Emilia Skarbek i Graham Newman. Ostan\u00ed byli pro nemoc omluveni. Potom jsme do\u0161li do&nbsp;Etnografick\u00e9ho muzea na fotografie Krzysztofa Hejke dokumentuj\u00edc\u00ed evropsk\u00e9 v\u010dela\u0159stv\u00ed dopln\u011bn\u00e9 skute\u010dn\u00fdmi p\u0159edm\u011bty, co v\u010dela\u0159i ke sv\u00e9 pr\u00e1ci pot\u0159ebovali. Cestou na [&hellip;]<\/p>\n","protected":false},"author":2,"featured_media":0,"comment_status":"open","ping_status":"closed","sticky":false,"template":"","format":"standard","meta":{"ngg_post_thumbnail":0,"footnotes":""},"categories":[2],"tags":[],"class_list":["post-695","post","type-post","status-publish","format-standard","hentry","category-kulturni-ctvrtky"],"_links":{"self":[{"href":"https:\/\/www.infopoint.cz\/polsko\/wp-json\/wp\/v2\/posts\/695","targetHints":{"allow":["GET"]}}],"collection":[{"href":"https:\/\/www.infopoint.cz\/polsko\/wp-json\/wp\/v2\/posts"}],"about":[{"href":"https:\/\/www.infopoint.cz\/polsko\/wp-json\/wp\/v2\/types\/post"}],"author":[{"embeddable":true,"href":"https:\/\/www.infopoint.cz\/polsko\/wp-json\/wp\/v2\/users\/2"}],"replies":[{"embeddable":true,"href":"https:\/\/www.infopoint.cz\/polsko\/wp-json\/wp\/v2\/comments?post=695"}],"version-history":[{"count":18,"href":"https:\/\/www.infopoint.cz\/polsko\/wp-json\/wp\/v2\/posts\/695\/revisions"}],"predecessor-version":[{"id":5097,"href":"https:\/\/www.infopoint.cz\/polsko\/wp-json\/wp\/v2\/posts\/695\/revisions\/5097"}],"wp:attachment":[{"href":"https:\/\/www.infopoint.cz\/polsko\/wp-json\/wp\/v2\/media?parent=695"}],"wp:term":[{"taxonomy":"category","embeddable":true,"href":"https:\/\/www.infopoint.cz\/polsko\/wp-json\/wp\/v2\/categories?post=695"},{"taxonomy":"post_tag","embeddable":true,"href":"https:\/\/www.infopoint.cz\/polsko\/wp-json\/wp\/v2\/tags?post=695"}],"curies":[{"name":"wp","href":"https:\/\/api.w.org\/{rel}","templated":true}]}}