{"id":778,"date":"2016-02-25T21:34:05","date_gmt":"2016-02-25T20:34:05","guid":{"rendered":"http:\/\/www.infopoint.cz\/polsko\/?p=778"},"modified":"2016-11-13T15:24:14","modified_gmt":"2016-11-13T14:24:14","slug":"centra-sztuki-wspol","status":"publish","type":"post","link":"https:\/\/www.infopoint.cz\/polsko\/centra-sztuki-wspol\/","title":{"rendered":"Centra Sztuki Wspo\u0142"},"content":{"rendered":"<p>P\u016fvodn\u011b ani nebyl \u010dtvrtek 18.2. v &nbsp;pl\u00e1nu, ale jak u\u017e to chod\u00ed, kdy\u017e se lid\u00e9 cht\u011bj\u00ed potkat a pozd\u00edlet z\u00e1\u017eitky z&nbsp;kulturn\u00edch kr\u00e1s, c\u00edl se v\u017edycky najde a den se vyda\u0159\u00ed. Dana b\u011bhem chvilky vy\u010darovala kulturn\u00ed program i s&nbsp;gurm\u00e1nskou te\u010dkou na z\u00e1v\u011br. Jak se to cel\u00e9 nakonec odehr\u00e1lo?<\/p>\n<p>Setkali jsme se v\u0161ichni v&nbsp;teple domova na k\u00e1v\u011b u Dany. Otev\u0159eli jsme diskusi na nezn\u00e1m\u00e9 t\u00e9ma Kyberpunku, proto\u017ee hlavn\u00ed v\u00fdstava <a href=\"\/\/csw.art.pl\/index.php?action=aktualnosci&amp;s2=1&amp;id=1343&amp;lang=eng\">VILLA STRAYLIGHT<\/a> autor\u016f <strong>Micha\u0142 Frydrych, Piotr Grabowski, Kuba B\u0105kowski<\/strong> byla inspirov\u00e1na pr\u00e1v\u011b kyberpankovou \u201ebibl\u00ed\u201c Neuromancer. Jde o prvn\u00ed rom\u00e1n spisovatele Williama Gibsona, vydan\u00fd v roce 1984. Ochyt\u0159eni jsme vyrazili za hlavn\u00edm c\u00edlem dne: <strong><a href=\"\/\/csw.art.pl\/index.php?lang=eng\">CENTRUM SZTUKI WSPO\u0141CZESNEJ ZAMEK UJAZDOWSKI<\/a> <\/strong>v parku \u0141AZIENKI KR\u00d3LEWSKIE. Bylo n\u00e1s p\u011bt a tak jsme v&nbsp;pohodl\u00ed auta dorazili na m\u00edsto.<\/p>\n<p><a class=\"ngg-fancybox\" title=\" \" href=\"\/\/www.infopoint.cz\/polsko\/wp-content\/uploads\/sites\/22\/nggallery\/centra-sztuki-wspol\/m009.jpg\" rel=\"\" data-image-id=\"162\" data-src=\"\/\/www.infopoint.cz\/polsko\/wp-content\/uploads\/sites\/22\/nggallery\/centra-sztuki-wspol\/m009.jpg\" data-thumbnail=\"\/\/www.infopoint.cz\/polsko\/wp-content\/uploads\/sites\/22\/nggallery\/centra-sztuki-wspol\/thumbs\/thumbs_m009.jpg\" data-title=\"m009\" data-description=\" \"><img decoding=\"async\" class=\"ngg-singlepic ngg-left alignleft\" src=\"\/\/www.infopoint.cz\/polsko\/wp-content\/uploads\/sites\/22\/nggallery\/centra-sztuki-wspol\/thumbs\/thumbs_m009.jpg\" alt=\"m009\"><\/a>P\u0159i proch\u00e1zce parkem n\u00e1s Dana zl\u00e1kala k&nbsp;n\u00e1v\u0161t\u011bv\u011b budovy <a href=\"\/\/pl.wikipedia.org\/wiki\/Pa%C5%82ac_My%C5%9Blewicki_w_Warszawie\">PA\u0141AC MY\u015aLEWICKI<\/a>. Trochu jsme se b\u00e1li z\u00e1me\u010dku pln\u00e9ho paro\u017e\u00ed, zbran\u00ed a vycpanin, ale nakonec jsme nakoukli a byli okouzleni. Tento pal\u00e1c byl zrekonstruov\u00e1n podle p\u016fvodn\u00edch podklad\u016f a ve\u0159ejnosti otev\u0159en teprve loni. Neviselo v&nbsp;n\u011bm jedin\u00e9 paro\u017e\u00ed, zbra\u0148 \u010di vycpanina. Doporu\u010duji ka\u017ed\u00e9mu, kdo do parku zav\u00edt\u00e1. <a class=\"ngg-fancybox\" title=\" \" href=\"\/\/www.infopoint.cz\/polsko\/wp-content\/uploads\/sites\/22\/nggallery\/centra-sztuki-wspol\/m006.jpg\" rel=\"\" data-image-id=\"159\" data-src=\"\/\/www.infopoint.cz\/polsko\/wp-content\/uploads\/sites\/22\/nggallery\/centra-sztuki-wspol\/m006.jpg\" data-thumbnail=\"\/\/www.infopoint.cz\/polsko\/wp-content\/uploads\/sites\/22\/nggallery\/centra-sztuki-wspol\/thumbs\/thumbs_m006.jpg\" data-title=\"m006\" data-description=\" \"><img decoding=\"async\" class=\"ngg-singlepic ngg-right alignright\" src=\"\/\/www.infopoint.cz\/polsko\/wp-content\/uploads\/sites\/22\/nggallery\/centra-sztuki-wspol\/thumbs\/thumbs_m006.jpg\" alt=\"m006\"><\/a>Velmi citliv\u00e1 rekonstrukce, malba v&nbsp;pastelov\u00fdch odst\u00ednech zelen\u00e9 a modr\u00e9.<\/p>\n<p>Zachovan\u00e9 parkety. V\u00e1zy z&nbsp;Japonska i \u010c\u00edny. Budo\u00e1r, sal\u00f3n s&nbsp;pianinem, j\u00eddelna. Pal\u00e1c m\u00e1 zaj\u00edmavou historii. Mimo jin\u00e9 zde prob\u00edhala i politick\u00e1 jedn\u00e1n\u00ed mezi diplomaty USA a \u010c\u00edny. Po tomto p\u0159ekvapiv\u00e9m a podmaniv\u00e9m z\u00e1\u017eitku, je\u017e n\u00e1m du\u0161i pohladil, jsme p\u0159es park do\u0161li a\u017e k&nbsp;budov\u011b Z\u00e1mku Ujazdowskego.<\/p>\n<p>V\u00fdstava byla rozlo\u017eena do \u0161esti men\u0161\u00edch s\u00e1l\u016f a \u010dekalo tam na n\u00e1s n\u011bkolik interaktivn\u00edch prvk\u016f. <a class=\"ngg-fancybox\" title=\" \" href=\"\/\/www.infopoint.cz\/polsko\/wp-content\/uploads\/sites\/22\/nggallery\/centra-sztuki-wspol\/m032.jpg\" rel=\"\" data-image-id=\"185\" data-src=\"\/\/www.infopoint.cz\/polsko\/wp-content\/uploads\/sites\/22\/nggallery\/centra-sztuki-wspol\/m032.jpg\" data-thumbnail=\"\/\/www.infopoint.cz\/polsko\/wp-content\/uploads\/sites\/22\/nggallery\/centra-sztuki-wspol\/thumbs\/thumbs_m032.jpg\" data-title=\"m032\" data-description=\" \"><img decoding=\"async\" class=\"ngg-singlepic ngg-left alignleft\" src=\"\/\/www.infopoint.cz\/polsko\/wp-content\/uploads\/sites\/22\/nggallery\/centra-sztuki-wspol\/thumbs\/thumbs_m032.jpg\" alt=\"m032\"><\/a>Siln\u00e9 bylo vstoupit skrze um\u011bleck\u00e9 pl\u00e1tno komiksu, otev\u0159\u00edt malovan\u00e9 dve\u0159e a chytnout se lana. Pono\u0159it se do temno temn\u00e9 tmy. Jedin\u00fd smysl je\u017e n\u00e1m pomohl v&nbsp;orientaci byl hmat. Dotek s&nbsp;lanem. Nezb\u00fdvalo ne\u017e j\u00edt vp\u0159ed. Co komu b\u011b\u017eelo hlavou a jak\u00e9 emoce pro\u017e\u00edval nev\u00edm, ale tu\u0161\u00edm, \u017ee jich byla cel\u00e1 paleta. Po minut\u011b n\u00e1s lano vyvedlo do m\u00edstnosti vymalovan\u00e9 ost\u0159e \u010dervenou barvou. <a class=\"ngg-fancybox\" title=\" \" href=\"\/\/www.infopoint.cz\/polsko\/wp-content\/uploads\/sites\/22\/nggallery\/centra-sztuki-wspol\/m033.jpg\" rel=\"\" data-image-id=\"186\" data-src=\"\/\/www.infopoint.cz\/polsko\/wp-content\/uploads\/sites\/22\/nggallery\/centra-sztuki-wspol\/m033.jpg\" data-thumbnail=\"\/\/www.infopoint.cz\/polsko\/wp-content\/uploads\/sites\/22\/nggallery\/centra-sztuki-wspol\/thumbs\/thumbs_m033.jpg\" data-title=\"m033\" data-description=\" \"><img decoding=\"async\" class=\"ngg-singlepic ngg-right alignright\" src=\"\/\/www.infopoint.cz\/polsko\/wp-content\/uploads\/sites\/22\/nggallery\/centra-sztuki-wspol\/thumbs\/thumbs_m033.jpg\" alt=\"m033\"><\/a>Co s&nbsp;V\u00e1mi ud\u011bl\u00e1 tento kontrast je z\u00e1\u017eitek nep\u0159enosn\u00fd a v\u011b\u0159\u00edm, \u017ee i individu\u00e1ln\u00ed.<\/p>\n<p>Obrazy i plastiky v n\u00e1s vyvol\u00e1valy pot\u0159ebu bavit se o tom, co <em>\u201et\u00edm cht\u011bl asi um\u011blec\u201c<\/em> \u0159\u00edci a tak jsme jen \u017easli nad alternativami a \u00fahly mo\u017en\u00e9ho vid\u011bn\u00ed <em>\u201ereality d\u00edla p\u0159ed n\u00e1mi\u201c<\/em>. Zvich\u0159eni emocemi a drobn\u00fdm konfliktem s&nbsp;pan\u00ed kustodkou jsme zasedli k&nbsp;ob\u011bdov\u00e9mu stolu v&nbsp;restauraci <a href=\"https:\/\/www.infopoint.cz\/polsko\/qchnia-artysticzna\/\">Qchnia Artysticzna<\/a>. S&nbsp;kr\u00e1sn\u00fdm v\u00fdhledem do parku a lahodn\u00fdm pokrmem. I tentokr\u00e1t se v\u00fdlet za kulturou a dobr\u00fdm j\u00eddlem vyda\u0159il.<\/p>\n<p>Napsala: Hel\u010da<\/p>\n<p><!-- default-view.php -->\n<div\n\tclass=\"ngg-galleryoverview default-view\n\t ngg-ajax-pagination-none\t\"\n\tid=\"ngg-gallery-69f2a35cadf63b75972bbf1efe57c659-1\"\n\tdata-gallery-id=\"9\">\n\n\t\t<!-- Thumbnails -->\n\t\t\t\t<div id=\"ngg-image-0\" class=\"ngg-gallery-thumbnail-box\n\t\t\t\t\t\t\t\t\t\t\t\"\n\t\t\t>\n\t\t\t\t\t\t<div class=\"ngg-gallery-thumbnail\">\n\t\t\t<a href=\"https:\/\/www.infopoint.cz\/polsko\/wp-content\/uploads\/sites\/22\/nggallery\/centra-sztuki-wspol\/m008.jpg\"\n\t\t\t\ttitle=\"\"\n\t\t\t\tdata-src=\"https:\/\/www.infopoint.cz\/polsko\/wp-content\/uploads\/sites\/22\/nggallery\/centra-sztuki-wspol\/m008.jpg\"\n\t\t\t\tdata-thumbnail=\"https:\/\/www.infopoint.cz\/polsko\/wp-content\/uploads\/sites\/22\/nggallery\/centra-sztuki-wspol\/thumbs\/thumbs_m008.jpg\"\n\t\t\t\tdata-image-id=\"161\"\n\t\t\t\tdata-title=\"m008\"\n\t\t\t\tdata-description=\"\"\n\t\t\t\tdata-image-slug=\"m008-10\"\n\t\t\t\t\t\t\t\t\t\t\t\t\t\t\t\t\t\t\t\tclass=\"ngg-fancybox\" rel=\"69f2a35cadf63b75972bbf1efe57c659\">\n\t\t\t\t\t\t\t\t<img\n\t\t\t\t\ttitle=\"m008\"\n\t\t\t\t\talt=\"m008\"\n\t\t\t\t\tsrc=\"https:\/\/www.infopoint.cz\/polsko\/wp-content\/uploads\/sites\/22\/nggallery\/centra-sztuki-wspol\/cache\/m008.jpg-nggid03161-ngg0dyn-215x130x100-00f0w010c011r110f110r010t010.jpg\"\n\t\t\t\t\twidth=\"215\"\n\t\t\t\t\theight=\"130\"\n\t\t\t\t\tstyle=\"max-width:100%;\"\n\t\t\t\t\/>\n\t\t\t<\/a>\n\t\t<\/div>\n\t\t\t\t\t\t\t<\/div>\n\t\t\t\n\t\t\t\t<div id=\"ngg-image-1\" class=\"ngg-gallery-thumbnail-box\n\t\t\t\t\t\t\t\t\t\t\t\"\n\t\t\t>\n\t\t\t\t\t\t<div class=\"ngg-gallery-thumbnail\">\n\t\t\t<a href=\"https:\/\/www.infopoint.cz\/polsko\/wp-content\/uploads\/sites\/22\/nggallery\/centra-sztuki-wspol\/m001.jpg\"\n\t\t\t\ttitle=\"\"\n\t\t\t\tdata-src=\"https:\/\/www.infopoint.cz\/polsko\/wp-content\/uploads\/sites\/22\/nggallery\/centra-sztuki-wspol\/m001.jpg\"\n\t\t\t\tdata-thumbnail=\"https:\/\/www.infopoint.cz\/polsko\/wp-content\/uploads\/sites\/22\/nggallery\/centra-sztuki-wspol\/thumbs\/thumbs_m001.jpg\"\n\t\t\t\tdata-image-id=\"154\"\n\t\t\t\tdata-title=\"m001\"\n\t\t\t\tdata-description=\"\"\n\t\t\t\tdata-image-slug=\"m001-9\"\n\t\t\t\t\t\t\t\t\t\t\t\t\t\t\t\t\t\t\t\tclass=\"ngg-fancybox\" rel=\"69f2a35cadf63b75972bbf1efe57c659\">\n\t\t\t\t\t\t\t\t<img\n\t\t\t\t\ttitle=\"m001\"\n\t\t\t\t\talt=\"m001\"\n\t\t\t\t\tsrc=\"https:\/\/www.infopoint.cz\/polsko\/wp-content\/uploads\/sites\/22\/nggallery\/centra-sztuki-wspol\/cache\/m001.jpg-nggid03154-ngg0dyn-215x130x100-00f0w010c011r110f110r010t010.jpg\"\n\t\t\t\t\twidth=\"215\"\n\t\t\t\t\theight=\"130\"\n\t\t\t\t\tstyle=\"max-width:100%;\"\n\t\t\t\t\/>\n\t\t\t<\/a>\n\t\t<\/div>\n\t\t\t\t\t\t\t<\/div>\n\t\t\t\n\t\t\t\t<div id=\"ngg-image-2\" class=\"ngg-gallery-thumbnail-box\n\t\t\t\t\t\t\t\t\t\t\t\"\n\t\t\t>\n\t\t\t\t\t\t<div class=\"ngg-gallery-thumbnail\">\n\t\t\t<a href=\"https:\/\/www.infopoint.cz\/polsko\/wp-content\/uploads\/sites\/22\/nggallery\/centra-sztuki-wspol\/m002.jpg\"\n\t\t\t\ttitle=\"\"\n\t\t\t\tdata-src=\"https:\/\/www.infopoint.cz\/polsko\/wp-content\/uploads\/sites\/22\/nggallery\/centra-sztuki-wspol\/m002.jpg\"\n\t\t\t\tdata-thumbnail=\"https:\/\/www.infopoint.cz\/polsko\/wp-content\/uploads\/sites\/22\/nggallery\/centra-sztuki-wspol\/thumbs\/thumbs_m002.jpg\"\n\t\t\t\tdata-image-id=\"155\"\n\t\t\t\tdata-title=\"m002\"\n\t\t\t\tdata-description=\"\"\n\t\t\t\tdata-image-slug=\"m002-10\"\n\t\t\t\t\t\t\t\t\t\t\t\t\t\t\t\t\t\t\t\tclass=\"ngg-fancybox\" rel=\"69f2a35cadf63b75972bbf1efe57c659\">\n\t\t\t\t\t\t\t\t<img\n\t\t\t\t\ttitle=\"m002\"\n\t\t\t\t\talt=\"m002\"\n\t\t\t\t\tsrc=\"https:\/\/www.infopoint.cz\/polsko\/wp-content\/uploads\/sites\/22\/nggallery\/centra-sztuki-wspol\/cache\/m002.jpg-nggid03155-ngg0dyn-215x130x100-00f0w010c011r110f110r010t010.jpg\"\n\t\t\t\t\twidth=\"215\"\n\t\t\t\t\theight=\"130\"\n\t\t\t\t\tstyle=\"max-width:100%;\"\n\t\t\t\t\/>\n\t\t\t<\/a>\n\t\t<\/div>\n\t\t\t\t\t\t\t<\/div>\n\t\t\t\n\t\t\t\t<div id=\"ngg-image-3\" class=\"ngg-gallery-thumbnail-box\n\t\t\t\t\t\t\t\t\t\t\t\"\n\t\t\t>\n\t\t\t\t\t\t<div class=\"ngg-gallery-thumbnail\">\n\t\t\t<a href=\"https:\/\/www.infopoint.cz\/polsko\/wp-content\/uploads\/sites\/22\/nggallery\/centra-sztuki-wspol\/m003.jpg\"\n\t\t\t\ttitle=\"\"\n\t\t\t\tdata-src=\"https:\/\/www.infopoint.cz\/polsko\/wp-content\/uploads\/sites\/22\/nggallery\/centra-sztuki-wspol\/m003.jpg\"\n\t\t\t\tdata-thumbnail=\"https:\/\/www.infopoint.cz\/polsko\/wp-content\/uploads\/sites\/22\/nggallery\/centra-sztuki-wspol\/thumbs\/thumbs_m003.jpg\"\n\t\t\t\tdata-image-id=\"156\"\n\t\t\t\tdata-title=\"m003\"\n\t\t\t\tdata-description=\"\"\n\t\t\t\tdata-image-slug=\"m003-10\"\n\t\t\t\t\t\t\t\t\t\t\t\t\t\t\t\t\t\t\t\tclass=\"ngg-fancybox\" rel=\"69f2a35cadf63b75972bbf1efe57c659\">\n\t\t\t\t\t\t\t\t<img\n\t\t\t\t\ttitle=\"m003\"\n\t\t\t\t\talt=\"m003\"\n\t\t\t\t\tsrc=\"https:\/\/www.infopoint.cz\/polsko\/wp-content\/uploads\/sites\/22\/nggallery\/centra-sztuki-wspol\/cache\/m003.jpg-nggid03156-ngg0dyn-215x130x100-00f0w010c011r110f110r010t010.jpg\"\n\t\t\t\t\twidth=\"215\"\n\t\t\t\t\theight=\"130\"\n\t\t\t\t\tstyle=\"max-width:100%;\"\n\t\t\t\t\/>\n\t\t\t<\/a>\n\t\t<\/div>\n\t\t\t\t\t\t\t<\/div>\n\t\t\t\n\t\t\t\t<div id=\"ngg-image-4\" class=\"ngg-gallery-thumbnail-box\n\t\t\t\t\t\t\t\t\t\t\t\"\n\t\t\t>\n\t\t\t\t\t\t<div class=\"ngg-gallery-thumbnail\">\n\t\t\t<a href=\"https:\/\/www.infopoint.cz\/polsko\/wp-content\/uploads\/sites\/22\/nggallery\/centra-sztuki-wspol\/m004.jpg\"\n\t\t\t\ttitle=\"\"\n\t\t\t\tdata-src=\"https:\/\/www.infopoint.cz\/polsko\/wp-content\/uploads\/sites\/22\/nggallery\/centra-sztuki-wspol\/m004.jpg\"\n\t\t\t\tdata-thumbnail=\"https:\/\/www.infopoint.cz\/polsko\/wp-content\/uploads\/sites\/22\/nggallery\/centra-sztuki-wspol\/thumbs\/thumbs_m004.jpg\"\n\t\t\t\tdata-image-id=\"157\"\n\t\t\t\tdata-title=\"m004\"\n\t\t\t\tdata-description=\"\"\n\t\t\t\tdata-image-slug=\"m004-10\"\n\t\t\t\t\t\t\t\t\t\t\t\t\t\t\t\t\t\t\t\tclass=\"ngg-fancybox\" rel=\"69f2a35cadf63b75972bbf1efe57c659\">\n\t\t\t\t\t\t\t\t<img\n\t\t\t\t\ttitle=\"m004\"\n\t\t\t\t\talt=\"m004\"\n\t\t\t\t\tsrc=\"https:\/\/www.infopoint.cz\/polsko\/wp-content\/uploads\/sites\/22\/nggallery\/centra-sztuki-wspol\/cache\/m004.jpg-nggid03157-ngg0dyn-215x130x100-00f0w010c011r110f110r010t010.jpg\"\n\t\t\t\t\twidth=\"215\"\n\t\t\t\t\theight=\"130\"\n\t\t\t\t\tstyle=\"max-width:100%;\"\n\t\t\t\t\/>\n\t\t\t<\/a>\n\t\t<\/div>\n\t\t\t\t\t\t\t<\/div>\n\t\t\t\n\t\t\t\t<div id=\"ngg-image-5\" class=\"ngg-gallery-thumbnail-box\n\t\t\t\t\t\t\t\t\t\t\t\"\n\t\t\t>\n\t\t\t\t\t\t<div class=\"ngg-gallery-thumbnail\">\n\t\t\t<a href=\"https:\/\/www.infopoint.cz\/polsko\/wp-content\/uploads\/sites\/22\/nggallery\/centra-sztuki-wspol\/m005.jpg\"\n\t\t\t\ttitle=\"\"\n\t\t\t\tdata-src=\"https:\/\/www.infopoint.cz\/polsko\/wp-content\/uploads\/sites\/22\/nggallery\/centra-sztuki-wspol\/m005.jpg\"\n\t\t\t\tdata-thumbnail=\"https:\/\/www.infopoint.cz\/polsko\/wp-content\/uploads\/sites\/22\/nggallery\/centra-sztuki-wspol\/thumbs\/thumbs_m005.jpg\"\n\t\t\t\tdata-image-id=\"158\"\n\t\t\t\tdata-title=\"m005\"\n\t\t\t\tdata-description=\"\"\n\t\t\t\tdata-image-slug=\"m005-10\"\n\t\t\t\t\t\t\t\t\t\t\t\t\t\t\t\t\t\t\t\tclass=\"ngg-fancybox\" rel=\"69f2a35cadf63b75972bbf1efe57c659\">\n\t\t\t\t\t\t\t\t<img\n\t\t\t\t\ttitle=\"m005\"\n\t\t\t\t\talt=\"m005\"\n\t\t\t\t\tsrc=\"https:\/\/www.infopoint.cz\/polsko\/wp-content\/uploads\/sites\/22\/nggallery\/centra-sztuki-wspol\/cache\/m005.jpg-nggid03158-ngg0dyn-215x130x100-00f0w010c011r110f110r010t010.jpg\"\n\t\t\t\t\twidth=\"215\"\n\t\t\t\t\theight=\"130\"\n\t\t\t\t\tstyle=\"max-width:100%;\"\n\t\t\t\t\/>\n\t\t\t<\/a>\n\t\t<\/div>\n\t\t\t\t\t\t\t<\/div>\n\t\t\t\n\t\n\t<br style=\"clear: both\" \/>\n\n\t\n\t\t<!-- Pagination -->\n\t\t<div class='ngg-navigation'><span class='current'>1<\/span>\n<a class='page-numbers' data-pageid='2' href='https:\/\/www.infopoint.cz\/polsko\/centra-sztuki-wspol\/nggallery\/page\/2'>2<\/a>\n<span class='ellipsis'>...<\/span>\n<a class='page-numbers' data-pageid='6' href='https:\/\/www.infopoint.cz\/polsko\/centra-sztuki-wspol\/nggallery\/page\/6'>6<\/a>\n<a class='prev' href='https:\/\/www.infopoint.cz\/polsko\/centra-sztuki-wspol\/nggallery\/page\/2' data-pageid=\"2\">&#9658;<\/a><\/div>\t<\/div>\n<\/p>\n<p>&nbsp;<\/p>\n","protected":false},"excerpt":{"rendered":"<p>P\u016fvodn\u011b ani nebyl \u010dtvrtek 18.2. v &nbsp;pl\u00e1nu, ale jak u\u017e to chod\u00ed, kdy\u017e se lid\u00e9 cht\u011bj\u00ed potkat a pozd\u00edlet z\u00e1\u017eitky z&nbsp;kulturn\u00edch kr\u00e1s, c\u00edl se v\u017edycky najde a den se vyda\u0159\u00ed. Dana b\u011bhem chvilky vy\u010darovala kulturn\u00ed program i s&nbsp;gurm\u00e1nskou te\u010dkou na z\u00e1v\u011br. Jak se to cel\u00e9 nakonec odehr\u00e1lo? Setkali jsme se v\u0161ichni v&nbsp;teple domova na k\u00e1v\u011b [&hellip;]<\/p>\n","protected":false},"author":2,"featured_media":0,"comment_status":"open","ping_status":"closed","sticky":false,"template":"","format":"standard","meta":{"ngg_post_thumbnail":0,"footnotes":""},"categories":[2],"tags":[],"class_list":["post-778","post","type-post","status-publish","format-standard","hentry","category-kulturni-ctvrtky"],"_links":{"self":[{"href":"https:\/\/www.infopoint.cz\/polsko\/wp-json\/wp\/v2\/posts\/778","targetHints":{"allow":["GET"]}}],"collection":[{"href":"https:\/\/www.infopoint.cz\/polsko\/wp-json\/wp\/v2\/posts"}],"about":[{"href":"https:\/\/www.infopoint.cz\/polsko\/wp-json\/wp\/v2\/types\/post"}],"author":[{"embeddable":true,"href":"https:\/\/www.infopoint.cz\/polsko\/wp-json\/wp\/v2\/users\/2"}],"replies":[{"embeddable":true,"href":"https:\/\/www.infopoint.cz\/polsko\/wp-json\/wp\/v2\/comments?post=778"}],"version-history":[{"count":15,"href":"https:\/\/www.infopoint.cz\/polsko\/wp-json\/wp\/v2\/posts\/778\/revisions"}],"predecessor-version":[{"id":2394,"href":"https:\/\/www.infopoint.cz\/polsko\/wp-json\/wp\/v2\/posts\/778\/revisions\/2394"}],"wp:attachment":[{"href":"https:\/\/www.infopoint.cz\/polsko\/wp-json\/wp\/v2\/media?parent=778"}],"wp:term":[{"taxonomy":"category","embeddable":true,"href":"https:\/\/www.infopoint.cz\/polsko\/wp-json\/wp\/v2\/categories?post=778"},{"taxonomy":"post_tag","embeddable":true,"href":"https:\/\/www.infopoint.cz\/polsko\/wp-json\/wp\/v2\/tags?post=778"}],"curies":[{"name":"wp","href":"https:\/\/api.w.org\/{rel}","templated":true}]}}