{"id":860,"date":"2016-02-25T21:37:57","date_gmt":"2016-02-25T20:37:57","guid":{"rendered":"http:\/\/www.infopoint.cz\/polsko\/?p=860"},"modified":"2016-03-17T09:28:06","modified_gmt":"2016-03-17T08:28:06","slug":"qchnia-artystyczna","status":"publish","type":"post","link":"https:\/\/www.infopoint.cz\/polsko\/qchnia-artystyczna\/","title":{"rendered":"Qchnia Artystyczna"},"content":{"rendered":"<p>[mappress mapid=&#8220;12&#8243;]<\/p>\n<table>\n<tbody>\n<tr>\n<td><strong>Kde?<\/strong><\/td>\n<td>ul. Jazd\u00f3w 2, 00-467, Warszawa<\/td>\n<\/tr>\n<tr>\n<td><strong>Rezervace<\/strong><\/td>\n<td>+48 22 625 76 27<\/td>\n<\/tr>\n<tr>\n<td><strong>WWW<\/strong><\/td>\n<td><a href=\"\/\/qchnia.pl\"><span class=\"widget-pane-section-info-text\"><span title=\"Webov\u00e9 str\u00e1nky\"><span class=\"widget-pane-logged-link\">qchnia.pl<\/span><\/span><\/span><\/a><\/td>\n<\/tr>\n<tr>\n<td><strong>Kuchyn\u011b<\/strong><\/td>\n<td>Polsk\u00e1<\/td>\n<\/tr>\n<\/tbody>\n<\/table>\n<p>Kdo tam u\u017e byl a chce se pod\u011blit o sv\u00e9 z\u00e1\u017eitky? Napi\u0161te v\u00e1\u0161 koment\u00e1\u0159.<\/p>\n","protected":false},"excerpt":{"rendered":"<p>[mappress mapid=&#8220;12&#8243;] Kde? ul. Jazd\u00f3w 2, 00-467, Warszawa Rezervace +48 22 625 76 27 WWW qchnia.pl Kuchyn\u011b Polsk\u00e1 Kdo tam u\u017e byl a chce se pod\u011blit o sv\u00e9 z\u00e1\u017eitky? Napi\u0161te v\u00e1\u0161 koment\u00e1\u0159.<\/p>\n","protected":false},"author":2,"featured_media":0,"comment_status":"open","ping_status":"closed","sticky":false,"template":"","format":"standard","meta":{"ngg_post_thumbnail":0,"footnotes":""},"categories":[4],"tags":[14],"class_list":["post-860","post","type-post","status-publish","format-standard","hentry","category-restaurace","tag-polska"],"_links":{"self":[{"href":"https:\/\/www.infopoint.cz\/polsko\/wp-json\/wp\/v2\/posts\/860","targetHints":{"allow":["GET"]}}],"collection":[{"href":"https:\/\/www.infopoint.cz\/polsko\/wp-json\/wp\/v2\/posts"}],"about":[{"href":"https:\/\/www.infopoint.cz\/polsko\/wp-json\/wp\/v2\/types\/post"}],"author":[{"embeddable":true,"href":"https:\/\/www.infopoint.cz\/polsko\/wp-json\/wp\/v2\/users\/2"}],"replies":[{"embeddable":true,"href":"https:\/\/www.infopoint.cz\/polsko\/wp-json\/wp\/v2\/comments?post=860"}],"version-history":[{"count":5,"href":"https:\/\/www.infopoint.cz\/polsko\/wp-json\/wp\/v2\/posts\/860\/revisions"}],"predecessor-version":[{"id":1053,"href":"https:\/\/www.infopoint.cz\/polsko\/wp-json\/wp\/v2\/posts\/860\/revisions\/1053"}],"wp:attachment":[{"href":"https:\/\/www.infopoint.cz\/polsko\/wp-json\/wp\/v2\/media?parent=860"}],"wp:term":[{"taxonomy":"category","embeddable":true,"href":"https:\/\/www.infopoint.cz\/polsko\/wp-json\/wp\/v2\/categories?post=860"},{"taxonomy":"post_tag","embeddable":true,"href":"https:\/\/www.infopoint.cz\/polsko\/wp-json\/wp\/v2\/tags?post=860"}],"curies":[{"name":"wp","href":"https:\/\/api.w.org\/{rel}","templated":true}]}}