{"id":876,"date":"2016-03-02T14:46:12","date_gmt":"2016-03-02T13:46:12","guid":{"rendered":"http:\/\/www.infopoint.cz\/polsko\/?p=876"},"modified":"2018-06-19T10:34:23","modified_gmt":"2018-06-19T08:34:23","slug":"laponsko-a-lubos-drtina","status":"publish","type":"post","link":"https:\/\/www.infopoint.cz\/polsko\/laponsko-a-lubos-drtina\/","title":{"rendered":"Laponsko a Lubo\u0161 Drtina"},"content":{"rendered":"<p><a class=\"ngg-fancybox\" title=\" \" href=\"\/\/www.infopoint.cz\/polsko\/wp-content\/uploads\/sites\/22\/nggallery\/laponsko-a-lubos-drtina\/m016.jpg\" rel=\"\" data-image-id=\"203\" data-src=\"\/\/www.infopoint.cz\/polsko\/wp-content\/uploads\/sites\/22\/nggallery\/laponsko-a-lubos-drtina\/m016.jpg\" data-thumbnail=\"\/\/www.infopoint.cz\/polsko\/wp-content\/uploads\/sites\/22\/nggallery\/laponsko-a-lubos-drtina\/thumbs\/thumbs_m016.jpg\" data-title=\"m016\" data-description=\" \"><img decoding=\"async\" class=\"ngg-singlepic ngg-left alignleft\" src=\"\/\/www.infopoint.cz\/polsko\/wp-content\/uploads\/sites\/22\/nggallery\/laponsko-a-lubos-drtina\/thumbs\/thumbs_m016.jpg\" alt=\"m016\"><\/a><a href=\"\/\/www.ethnomuseum.pl\/czasowe.html#wokolstolu\">Fotografie z Laponska<\/a> &#8222;Opowie\u015bci z krainy Saam\u00f3w&#8220; a kni\u017en\u00ed ilustrace \u010desk\u00e9ho v\u00fdtvarn\u00edka Lubo\u0161e Drtiny, to bylo k vid\u011bn\u00ed v&nbsp;<a href=\"\/\/www.ethnomuseum.pl\/\">Etnografick\u00e9m muzeu<\/a>. Pak n\u00e1s \u010dekala druh\u00e1 v\u00fdstava fotografi\u00ed z&nbsp;prvn\u00ed pov\u00e1le\u010dn\u00e9 dek\u00e1dy od nejlep\u0161\u00edch polsk\u00fdch fotograf\u016f t\u00e9to doby v <a href=\"\/\/www.dsh.waw.pl\/pl\/3_2758\" target=\"_blank\" rel=\"noopener\">Dom\u011b setk\u00e1n\u00ed s&nbsp;histori\u00ed.<\/a><\/p>\n<p>P\u0159ed vstupem na fotografie z Laponska jsme nepl\u00e1novan\u011b shl\u00e9dli v\u00fdstavu &#8222;Zycie domowe&#8220;.<a class=\"ngg-fancybox\" title=\" \" href=\"\/\/www.infopoint.cz\/polsko\/wp-content\/uploads\/sites\/22\/nggallery\/laponsko-a-lubos-drtina\/m001.jpg\" rel=\"\" data-image-id=\"188\" data-src=\"\/\/www.infopoint.cz\/polsko\/wp-content\/uploads\/sites\/22\/nggallery\/laponsko-a-lubos-drtina\/m001.jpg\" data-thumbnail=\"\/\/www.infopoint.cz\/polsko\/wp-content\/uploads\/sites\/22\/nggallery\/laponsko-a-lubos-drtina\/thumbs\/thumbs_m001.jpg\" data-title=\"m001\" data-description=\" \"><img decoding=\"async\" class=\"ngg-singlepic ngg-right alignright\" src=\"\/\/www.infopoint.cz\/polsko\/wp-content\/uploads\/sites\/22\/nggallery\/laponsko-a-lubos-drtina\/thumbs\/thumbs_m001.jpg\" alt=\"m001\"><\/a> Byly tady fotografie a p\u0159edm\u011bty z ka\u017edodenn\u00edho \u017eivota.<\/p>\n<p>V dal\u0161\u00ed m\u00edstnosti se objevily v prosklen\u00e9 vitr\u00edn\u011b barevn\u00e9 \u0161aty s \u010dapkou, kter\u00e9 dominovala modr\u00e1 a \u010derven\u00e1 barva.<a class=\"ngg-fancybox\" title=\" \" href=\"\/\/www.infopoint.cz\/polsko\/wp-content\/uploads\/sites\/22\/nggallery\/laponsko-a-lubos-drtina\/m004.jpg\" rel=\"\" data-image-id=\"191\" data-src=\"\/\/www.infopoint.cz\/polsko\/wp-content\/uploads\/sites\/22\/nggallery\/laponsko-a-lubos-drtina\/m004.jpg\" data-thumbnail=\"\/\/www.infopoint.cz\/polsko\/wp-content\/uploads\/sites\/22\/nggallery\/laponsko-a-lubos-drtina\/thumbs\/thumbs_m004.jpg\" data-title=\"m004\" data-description=\" \"><img decoding=\"async\" class=\"ngg-singlepic ngg-left alignleft\" src=\"\/\/www.infopoint.cz\/polsko\/wp-content\/uploads\/sites\/22\/nggallery\/laponsko-a-lubos-drtina\/thumbs\/thumbs_m004.jpg\" alt=\"m004\"><\/a> &#8222;Tak jsme v Laponsku&#8220;, \u0159ekl jsem. Na fotografi\u00edch se kolem n\u00e1s za\u010dali zjevovat domorod\u00ed obyvatel\u00e9. Fotografie p\u016fsobily zaj\u00edmav\u011b a\u017e mysticky.<\/p>\n<p>Zejm\u00e9na s\u00e9rie bubn\u016f s obr\u00e1zkov\u00fdmi p\u0159\u00edb\u011bhy. <a class=\"ngg-fancybox\" title=\" \" href=\"\/\/www.infopoint.cz\/polsko\/wp-content\/uploads\/sites\/22\/nggallery\/laponsko-a-lubos-drtina\/m011.jpg\" rel=\"\" data-image-id=\"198\" data-src=\"\/\/www.infopoint.cz\/polsko\/wp-content\/uploads\/sites\/22\/nggallery\/laponsko-a-lubos-drtina\/m011.jpg\" data-thumbnail=\"\/\/www.infopoint.cz\/polsko\/wp-content\/uploads\/sites\/22\/nggallery\/laponsko-a-lubos-drtina\/thumbs\/thumbs_m011.jpg\" data-title=\"m011\" data-description=\" \"><img decoding=\"async\" class=\"ngg-singlepic ngg-right alignright\" src=\"\/\/www.infopoint.cz\/polsko\/wp-content\/uploads\/sites\/22\/nggallery\/laponsko-a-lubos-drtina\/thumbs\/thumbs_m011.jpg\" alt=\"m011\"><\/a>Na konci v\u00fdstavy jsem na\u0161el knihu v \u010de\u0161tin\u011b s ilustracemi od Lubo\u0161e Drtiny.<\/p>\n<p>Po v\u00fdstav\u011b v p\u0159\u00edzem\u00ed budovy jsme neodolali poku\u0161en\u00ed na spole\u010dnou fotografi\u00ed. <a class=\"ngg-fancybox\" title=\" \" href=\"\/\/www.infopoint.cz\/polsko\/wp-content\/uploads\/sites\/22\/nggallery\/laponsko-a-lubos-drtina\/m017.jpg\" rel=\"\" data-image-id=\"204\" data-src=\"\/\/www.infopoint.cz\/polsko\/wp-content\/uploads\/sites\/22\/nggallery\/laponsko-a-lubos-drtina\/m017.jpg\" data-thumbnail=\"\/\/www.infopoint.cz\/polsko\/wp-content\/uploads\/sites\/22\/nggallery\/laponsko-a-lubos-drtina\/thumbs\/thumbs_m017.jpg\" data-title=\"m017\" data-description=\" \"><img decoding=\"async\" class=\"ngg-singlepic ngg-left alignleft\" src=\"\/\/www.infopoint.cz\/polsko\/wp-content\/uploads\/sites\/22\/nggallery\/laponsko-a-lubos-drtina\/thumbs\/thumbs_m017.jpg\" alt=\"m017\"><\/a><\/p>\n<p>Vy\u010derpalo n\u00e1s to na tolik, \u017ee jsme m\u00edsto druh\u00e9 v\u00fdstavy \u0161li do restaurace. Jak\u00e9 bylo ale p\u0159ekvapen\u00ed, \u017ee zrovna dnes va\u0159\u00ed a\u017e od 16:00. Po kr\u00e1tk\u00e9 porad\u011b jsme zvolili alternativu, vyzkou\u0161enou volbu <a href=\"\/\/www.infopoint.cz\/polsko\/onggi\/\">Onggi<\/a>. Tady n\u00e1s \u010dekalo dal\u0161\u00ed p\u0159ekvapen\u00ed. U\u017e nebyl bufet, ale norm\u00e1ln\u00ed nab\u00eddka. Dostavilo se velk\u00e9 zklam\u00e1n\u00ed&#8230;<\/p>\n<p><a href=\"\/\/www.infopoint.cz\/polsko\/foto-laponsko-a-lubos-drtina\/\">M\u016f\u017eete se tak\u00e9 pod\u00edvat na ostatn\u00ed fotografie.<\/a><\/p>\n","protected":false},"excerpt":{"rendered":"<p>Fotografie z Laponska &#8222;Opowie\u015bci z krainy Saam\u00f3w&#8220; a kni\u017en\u00ed ilustrace \u010desk\u00e9ho v\u00fdtvarn\u00edka Lubo\u0161e Drtiny, to bylo k vid\u011bn\u00ed v&nbsp;Etnografick\u00e9m muzeu. Pak n\u00e1s \u010dekala druh\u00e1 v\u00fdstava fotografi\u00ed z&nbsp;prvn\u00ed pov\u00e1le\u010dn\u00e9 dek\u00e1dy od nejlep\u0161\u00edch polsk\u00fdch fotograf\u016f t\u00e9to doby v Dom\u011b setk\u00e1n\u00ed s&nbsp;histori\u00ed. P\u0159ed vstupem na fotografie z Laponska jsme nepl\u00e1novan\u011b shl\u00e9dli v\u00fdstavu &#8222;Zycie domowe&#8220;. Byly tady fotografie a [&hellip;]<\/p>\n","protected":false},"author":2,"featured_media":0,"comment_status":"open","ping_status":"closed","sticky":false,"template":"","format":"standard","meta":{"ngg_post_thumbnail":0,"footnotes":""},"categories":[2],"tags":[],"class_list":["post-876","post","type-post","status-publish","format-standard","hentry","category-kulturni-ctvrtky"],"_links":{"self":[{"href":"https:\/\/www.infopoint.cz\/polsko\/wp-json\/wp\/v2\/posts\/876","targetHints":{"allow":["GET"]}}],"collection":[{"href":"https:\/\/www.infopoint.cz\/polsko\/wp-json\/wp\/v2\/posts"}],"about":[{"href":"https:\/\/www.infopoint.cz\/polsko\/wp-json\/wp\/v2\/types\/post"}],"author":[{"embeddable":true,"href":"https:\/\/www.infopoint.cz\/polsko\/wp-json\/wp\/v2\/users\/2"}],"replies":[{"embeddable":true,"href":"https:\/\/www.infopoint.cz\/polsko\/wp-json\/wp\/v2\/comments?post=876"}],"version-history":[{"count":32,"href":"https:\/\/www.infopoint.cz\/polsko\/wp-json\/wp\/v2\/posts\/876\/revisions"}],"predecessor-version":[{"id":5099,"href":"https:\/\/www.infopoint.cz\/polsko\/wp-json\/wp\/v2\/posts\/876\/revisions\/5099"}],"wp:attachment":[{"href":"https:\/\/www.infopoint.cz\/polsko\/wp-json\/wp\/v2\/media?parent=876"}],"wp:term":[{"taxonomy":"category","embeddable":true,"href":"https:\/\/www.infopoint.cz\/polsko\/wp-json\/wp\/v2\/categories?post=876"},{"taxonomy":"post_tag","embeddable":true,"href":"https:\/\/www.infopoint.cz\/polsko\/wp-json\/wp\/v2\/tags?post=876"}],"curies":[{"name":"wp","href":"https:\/\/api.w.org\/{rel}","templated":true}]}}