{"id":965,"date":"2016-03-06T11:32:11","date_gmt":"2016-03-06T10:32:11","guid":{"rendered":"http:\/\/www.infopoint.cz\/polsko\/?p=965"},"modified":"2016-03-23T08:50:36","modified_gmt":"2016-03-23T07:50:36","slug":"na-nowo-i-dziurka-od-klucza","status":"publish","type":"post","link":"https:\/\/www.infopoint.cz\/polsko\/na-nowo-i-dziurka-od-klucza\/","title":{"rendered":"Na nowo i Dziurka od Klucza"},"content":{"rendered":"<p>Dal\u0161\u00ed spole\u010dn\u00fd kulturn\u00ed a gurmetsk\u00fd \u010dtvrtek za\u010dal netradi\u010dn\u011b e-mailov\u00fdm bojem o \u017eidle v\u00a0restauraci Dziurka od Klucza. Dana vyhl\u00e1sila sout\u011b\u017e o \u0161est \u017eidl\u00ed u jednoho stolu. Nakonec n\u00e1s bylo sedm a o to v\u011bt\u0161\u00ed byla legrace. Od des\u00e1t\u00e9 jsme se ladili na nov\u00fd z\u00e1\u017eitek z v\u00fdstavy fotografi\u00ed &#8222;Na nowo. Warszawiacy 1945-55&#8220; v &#8222;<a href=\"\/\/www.dsh.waw.pl\/en\">Domu Spotka\u0144 z Histori\u0105<\/a>&#8220; nad hrnkem lahodn\u00e9 k\u00e1vy a miskou \u010derstv\u00e9ho ovoce a o\u0159\u00ed\u0161k\u016f. Potom jsme spole\u010dn\u011b vyrazili autobusem do centra. Muzeum otev\u00edrali od 12.00 hod a tak jsme \u010das p\u0159ed otev\u00edra\u010dkou vyu\u017eili k\u00a0b\u00e1d\u00e1n\u00ed v\u00a0ulici Karowa.<\/p>\n<p><a class=\"ngg-fancybox\" title=\" \" href=\"\/\/www.infopoint.cz\/polsko\/wp-content\/uploads\/sites\/22\/nggallery\/na-nowo-i-dziurka-od-klucza\/m010.jpg\" rel=\"\" data-image-id=\"218\" data-src=\"\/\/www.infopoint.cz\/polsko\/wp-content\/uploads\/sites\/22\/nggallery\/na-nowo-i-dziurka-od-klucza\/m010.jpg\" data-thumbnail=\"\/\/www.infopoint.cz\/polsko\/wp-content\/uploads\/sites\/22\/nggallery\/na-nowo-i-dziurka-od-klucza\/thumbs\/thumbs_m010.jpg\" data-title=\"m010\" data-description=\" \"><img decoding=\"async\" class=\"ngg-singlepic ngg-left alignleft\" src=\"\/\/www.infopoint.cz\/polsko\/wp-content\/uploads\/sites\/22\/nggallery\/na-nowo-i-dziurka-od-klucza\/thumbs\/thumbs_m010.jpg\" alt=\"m010\" \/><\/a>Nejd\u0159\u00edve jsme obsadili lavi\u010dku se sochou \u201e\u010dtouc\u00edho mu\u017ee\u201c a trochu mu \u010detli p\u0159es rameno. Monika objevila \u010dudl\u00edk v\u00a0lavi\u010dce a nev\u00e1hala vyzkou\u0161et. Lavi\u010dka promluvila. Jen tak potichu, \u017ee jsme v\u00fdklad stejn\u011b nesly\u0161eli. Monika se toho dne v\u016fbec uk\u00e1zala jako aktivn\u00ed \u010dlenka klubu objevitel\u016f a u kolemjdouc\u00edch zjistila v\u00fdznam slova Karowa ulice \u2013 n\u011bco jako autov\u00e1 od z\u00e1kladu k\u00e1ra, v\u016fz, auto. Pak jsme nad mapou ul. Karowa hledali budovy je\u017e se tu p\u0159ed v\u00e1lkou honosily kr\u00e1sou. N\u011bkter\u00e9 bombardov\u00e1n\u00ed p\u0159e\u017eily, jin\u00e9 lid\u00e9 zrekonstruovali a mnoh\u00e9 u\u017e tu nejsou. Uvolnily m\u00edsto parku, strom\u016fm, lavi\u010dk\u00e1m a soch\u00e1m.<a class=\"ngg-fancybox\" title=\" \" href=\"\/\/www.infopoint.cz\/polsko\/wp-content\/uploads\/sites\/22\/nggallery\/na-nowo-i-dziurka-od-klucza\/m009.jpg\" rel=\"\" data-image-id=\"217\" data-src=\"\/\/www.infopoint.cz\/polsko\/wp-content\/uploads\/sites\/22\/nggallery\/na-nowo-i-dziurka-od-klucza\/m009.jpg\" data-thumbnail=\"\/\/www.infopoint.cz\/polsko\/wp-content\/uploads\/sites\/22\/nggallery\/na-nowo-i-dziurka-od-klucza\/thumbs\/thumbs_m009.jpg\" data-title=\"m009\" data-description=\" \"><img decoding=\"async\" class=\"ngg-singlepic ngg-right alignright\" src=\"\/\/www.infopoint.cz\/polsko\/wp-content\/uploads\/sites\/22\/nggallery\/na-nowo-i-dziurka-od-klucza\/thumbs\/thumbs_m009.jpg\" alt=\"m009\" \/><\/a> Zap\u00f3zovali jsme fotografovi Ale\u0161ovi na viaduktu se sochou Syr\u00e9nky po vzoru d\u011bv\u010dat z\u00a0pr\u016fvodce.<\/p>\n<p>Bylo tro\u0161ku zimka, tak jsme tu dvan\u00e1ctou neodkl\u00e1dali a oh\u0159\u00edvali se u zaj\u00edmav\u00fdch \u010dernob\u00edl\u00fdch fotografi\u00ed. Dokumentuj\u00ed pov\u00e1le\u010dn\u00fd \u017eivot a situaci ve vybombardovan\u00e9 Var\u0161av\u011b. Kupodivu, v n\u00e1s fotky nevyvol\u00e1valy depresivn\u00ed pocity. Sp\u00ed\u0161 pocity nad\u011bje, s\u00edly, odhodl\u00e1n\u00ed. Radost z\u00a0konce v\u00e1lky, svobody a volnosti. Je neuv\u011b\u0159iteln\u00e9 z\u00a0jak\u00e9ho mo\u0159e ruin m\u011bsto znovu povstalo. Zni\u010deno bylo lidskou silou a stejnou silou op\u011bt o\u017eilo. Zni\u010deno bylo v\u00a0\u0159\u00e1du n\u011bkolika hodin, o\u017eiven\u00ed trvalo l\u00e9ta. Dobov\u00e9 fotky s\u00a0koment\u00e1\u0159i m\u011bli prost\u011b s\u00edlu.<\/p>\n<p>Hladov\u00ed jsme po hodinov\u00e9 prohl\u00eddce vyrazili do vytou\u017een\u00e9 restaurace <a href=\"\/\/www.infopoint.cz\/polsko\/dziurka-od-klucza\/\">Dziurka od Klucza<\/a>. <a class=\"ngg-fancybox\" title=\" \" href=\"\/\/www.infopoint.cz\/polsko\/wp-content\/uploads\/sites\/22\/nggallery\/na-nowo-i-dziurka-od-klucza\/m006.jpg\" data-image-id=\"215\" data-src=\"\/\/www.infopoint.cz\/polsko\/wp-content\/uploads\/sites\/22\/nggallery\/na-nowo-i-dziurka-od-klucza\/m006.jpg\" data-thumbnail=\"\/\/www.infopoint.cz\/polsko\/wp-content\/uploads\/sites\/22\/nggallery\/na-nowo-i-dziurka-od-klucza\/thumbs\/thumbs_m006.jpg\" data-title=\"m006\" data-description=\" \"><img loading=\"lazy\" decoding=\"async\" class=\"ngg-singlepic ngg-right alignleft\" src=\"\/\/www.infopoint.cz\/polsko\/wp-content\/uploads\/sites\/22\/nggallery\/na-nowo-i-dziurka-od-klucza\/thumbs\/thumbs_m006.jpg\" alt=\"m006\" width=\"240\" height=\"160\" \/><\/a>Dana cestou na\u0161la dal\u0161\u00ed malou galerii v\u00a0budov\u011b viaduktu a nev\u00e1hala n\u00e1s s\u00a0jemnost\u00ed sob\u011b vlastn\u00ed p\u0159esunout do jej\u00edch \u00fatrob. Malby modern\u00ed, barevn\u00e9 a n\u011bkter\u00e9 i lechtiv\u00e9. Pr\u00e1zdn\u00e9 \u017ealudky v\u0161ak velk\u00e9mu rozj\u00edm\u00e1n\u00ed nep\u0159\u00e1ly a tak jsme v\u00a0p\u00e1r minut\u00e1ch radostn\u011b dosedli na pr\u00e1zdn\u00e9 \u017eidle a jednu lavici. Vlezli jsme se. Kdy\u017e p\u0159inesli hlavn\u00ed chod, bylo u stolu nezvykl\u00e9 ticho. Komentovan\u00e9 t\u00e9m\u011b\u0159 nesly\u0161n\u00fdm mlask\u00e1n\u00edm. Z\u00a0toho vyvozuji, \u017ee v\u011bt\u0161in\u011b chutnalo. Vykouzlit na 35 m2 restauraci s kvalitn\u00ed kuchyn\u00ed je tak trochu um\u011bn\u00ed. Jak Mirka poznamenala: \u201eBylo to jako v\u00a0poh\u00e1dce\u201c. Na dezert a k\u00e1vu \u010das tentokr\u00e1t nezbyl, ale my se sem je\u0161t\u011b vr\u00e1t\u00edme \u2026.<\/p>\n<p><a href=\"\/\/www.infopoint.cz\/polsko\/foto-na-nowo-i-dziurka-od-klucza\/\">M\u016f\u017eete se tak\u00e9 pod\u00edvat na ostatn\u00ed fotografie.<\/a><\/p>\n<p>Napsala: Hel\u010da<\/p>\n","protected":false},"excerpt":{"rendered":"<p>Dal\u0161\u00ed spole\u010dn\u00fd kulturn\u00ed a gurmetsk\u00fd \u010dtvrtek za\u010dal netradi\u010dn\u011b e-mailov\u00fdm bojem o \u017eidle v\u00a0restauraci Dziurka od Klucza. Dana vyhl\u00e1sila sout\u011b\u017e o \u0161est \u017eidl\u00ed u jednoho stolu. Nakonec n\u00e1s bylo sedm a o to v\u011bt\u0161\u00ed byla legrace. Od des\u00e1t\u00e9 jsme se ladili na nov\u00fd z\u00e1\u017eitek z v\u00fdstavy fotografi\u00ed &#8222;Na nowo. Warszawiacy 1945-55&#8220; v &#8222;Domu Spotka\u0144 z Histori\u0105&#8220; [&hellip;]<\/p>\n","protected":false},"author":2,"featured_media":0,"comment_status":"open","ping_status":"closed","sticky":false,"template":"","format":"standard","meta":{"ngg_post_thumbnail":0,"footnotes":""},"categories":[2],"tags":[],"class_list":["post-965","post","type-post","status-publish","format-standard","hentry","category-kulturni-ctvrtky"],"_links":{"self":[{"href":"https:\/\/www.infopoint.cz\/polsko\/wp-json\/wp\/v2\/posts\/965","targetHints":{"allow":["GET"]}}],"collection":[{"href":"https:\/\/www.infopoint.cz\/polsko\/wp-json\/wp\/v2\/posts"}],"about":[{"href":"https:\/\/www.infopoint.cz\/polsko\/wp-json\/wp\/v2\/types\/post"}],"author":[{"embeddable":true,"href":"https:\/\/www.infopoint.cz\/polsko\/wp-json\/wp\/v2\/users\/2"}],"replies":[{"embeddable":true,"href":"https:\/\/www.infopoint.cz\/polsko\/wp-json\/wp\/v2\/comments?post=965"}],"version-history":[{"count":10,"href":"https:\/\/www.infopoint.cz\/polsko\/wp-json\/wp\/v2\/posts\/965\/revisions"}],"predecessor-version":[{"id":1160,"href":"https:\/\/www.infopoint.cz\/polsko\/wp-json\/wp\/v2\/posts\/965\/revisions\/1160"}],"wp:attachment":[{"href":"https:\/\/www.infopoint.cz\/polsko\/wp-json\/wp\/v2\/media?parent=965"}],"wp:term":[{"taxonomy":"category","embeddable":true,"href":"https:\/\/www.infopoint.cz\/polsko\/wp-json\/wp\/v2\/categories?post=965"},{"taxonomy":"post_tag","embeddable":true,"href":"https:\/\/www.infopoint.cz\/polsko\/wp-json\/wp\/v2\/tags?post=965"}],"curies":[{"name":"wp","href":"https:\/\/api.w.org\/{rel}","templated":true}]}}